{"id":35611,"date":"2025-10-17T12:02:16","date_gmt":"2025-10-17T17:02:16","guid":{"rendered":"https:\/\/ister.edu.ec\/?p=35611"},"modified":"2025-10-17T14:11:36","modified_gmt":"2025-10-17T19:11:36","slug":"inicio-del-periodo-academico-25-26","status":"publish","type":"post","link":"https:\/\/ister.edu.ec\/en\/inicio-del-periodo-academico-25-26\/","title":{"rendered":"Inicio del Per\u00edodo Acad\u00e9mico 25-26"},"content":{"rendered":"\t\t<div data-elementor-type=\"wp-post\" data-elementor-id=\"35611\" class=\"elementor elementor-35611\" data-elementor-post-type=\"post\">\n\t\t\t\t<div class=\"elementor-element elementor-element-27e0940 e-flex e-con-boxed e-con e-parent\" data-id=\"27e0940\" data-element_type=\"container\" data-e-type=\"container\" data-settings=\"{&quot;background_background&quot;:&quot;classic&quot;}\">\n\t\t\t\t\t<div class=\"e-con-inner\">\n\t\t<div class=\"elementor-element elementor-element-e57983f e-con-full e-flex e-con e-child\" data-id=\"e57983f\" data-element_type=\"container\" data-e-type=\"container\" data-settings=\"{&quot;background_background&quot;:&quot;classic&quot;}\">\n\t\t\t\t<div class=\"elementor-element elementor-element-d773542 elementor-widget elementor-widget-heading\" data-id=\"d773542\" data-element_type=\"widget\" data-e-type=\"widget\" data-widget_type=\"heading.default\">\n\t\t\t\t<div class=\"elementor-widget-container\">\n\t\t\t\t\t<h2 class=\"elementor-heading-title elementor-size-default\">El Universitario Rumi\u00f1ahui da la bienvenida al nuevo per\u00edodo acad\u00e9mico con entusiasmo y compromiso<\/h2>\t\t\t\t<\/div>\n\t\t\t\t<\/div>\n\t\t\t\t<\/div>\n\t\t<div class=\"elementor-element elementor-element-976e014 elementor-hidden-tablet elementor-hidden-phone e-con-full e-flex e-con e-child\" data-id=\"976e014\" data-element_type=\"container\" data-e-type=\"container\">\n\t\t\t\t<\/div>\n\t\t\t\t\t<\/div>\n\t\t\t\t<\/div>\n\t\t<div class=\"elementor-element elementor-element-447dd1d e-flex e-con-boxed e-con e-parent\" data-id=\"447dd1d\" data-element_type=\"container\" data-e-type=\"container\">\n\t\t\t\t\t<div class=\"e-con-inner\">\n\t\t<div class=\"elementor-element elementor-element-e002cb3 e-con-full e-flex e-con e-child\" data-id=\"e002cb3\" data-element_type=\"container\" data-e-type=\"container\">\n\t\t\t\t<div class=\"elementor-element elementor-element-b9a4883 elementor-widget elementor-widget-image\" data-id=\"b9a4883\" data-element_type=\"widget\" data-e-type=\"widget\" data-widget_type=\"image.default\">\n\t\t\t\t<div class=\"elementor-widget-container\">\n\t\t\t\t\t\t\t\t\t\t\t\t\t\t\t<img fetchpriority=\"high\" decoding=\"async\" width=\"800\" height=\"372\" src=\"https:\/\/ister.edu.ec\/wp-content\/uploads\/Autoridades-y-directivos-del-universitario-ruminahui-1024x476.webp\" class=\"attachment-large size-large wp-image-35640\" alt=\"\" srcset=\"https:\/\/ister.edu.ec\/wp-content\/uploads\/Autoridades-y-directivos-del-universitario-ruminahui-1024x476.webp 1024w, https:\/\/ister.edu.ec\/wp-content\/uploads\/Autoridades-y-directivos-del-universitario-ruminahui-300x140.webp 300w, https:\/\/ister.edu.ec\/wp-content\/uploads\/Autoridades-y-directivos-del-universitario-ruminahui-768x357.webp 768w, https:\/\/ister.edu.ec\/wp-content\/uploads\/Autoridades-y-directivos-del-universitario-ruminahui.webp 1440w\" sizes=\"(max-width: 800px) 100vw, 800px\" title=\"Autoridades y directivos del universitario rumi\u00f1ahui - Tecnol\u00f3gico Universitario Rumi\u00f1ahui\" \/>\t\t\t\t\t\t\t\t\t\t\t\t\t\t\t<\/div>\n\t\t\t\t<\/div>\n\t\t\t\t<div class=\"elementor-element elementor-element-96146f9 elementor-widget elementor-widget-text-editor\" data-id=\"96146f9\" data-element_type=\"widget\" data-e-type=\"widget\" data-widget_type=\"text-editor.default\">\n\t\t\t\t<div class=\"elementor-widget-container\">\n\t\t\t\t\t\t\t\t\t<p>El Universitario Rumi\u00f1ahui inaugur\u00f3 el per\u00edodo acad\u00e9mico octubre 2025 \u2013 marzo 2026 en un evento lleno de energ\u00eda, con la participaci\u00f3n de autoridades, docentes y estudiantes comprometidos con la excelencia educativa.<\/p>\t\t\t\t\t\t\t\t<\/div>\n\t\t\t\t<\/div>\n\t\t\t\t<div class=\"elementor-element elementor-element-1c2a3c1 elementor-arrows-position-outside elementor-widget elementor-widget-image-carousel\" data-id=\"1c2a3c1\" data-element_type=\"widget\" data-e-type=\"widget\" data-settings=\"{&quot;slides_to_show&quot;:&quot;3&quot;,&quot;navigation&quot;:&quot;arrows&quot;,&quot;autoplay_speed&quot;:0,&quot;speed&quot;:8000,&quot;image_spacing_custom&quot;:{&quot;unit&quot;:&quot;px&quot;,&quot;size&quot;:23,&quot;sizes&quot;:[]},&quot;autoplay&quot;:&quot;yes&quot;,&quot;pause_on_hover&quot;:&quot;yes&quot;,&quot;pause_on_interaction&quot;:&quot;yes&quot;,&quot;infinite&quot;:&quot;yes&quot;,&quot;image_spacing_custom_tablet&quot;:{&quot;unit&quot;:&quot;px&quot;,&quot;size&quot;:&quot;&quot;,&quot;sizes&quot;:[]},&quot;image_spacing_custom_mobile&quot;:{&quot;unit&quot;:&quot;px&quot;,&quot;size&quot;:&quot;&quot;,&quot;sizes&quot;:[]}}\" data-widget_type=\"image-carousel.default\">\n\t\t\t\t<div class=\"elementor-widget-container\">\n\t\t\t\t\t\t\t<div class=\"elementor-image-carousel-wrapper swiper\" role=\"region\" aria-roledescription=\"carousel\" aria-label=\"Carrusel de im\u00e1genes\" dir=\"ltr\">\n\t\t\t<div class=\"elementor-image-carousel swiper-wrapper\" aria-live=\"off\">\n\t\t\t\t\t\t\t\t<div class=\"swiper-slide\" role=\"group\" aria-roledescription=\"slide\" aria-label=\"1 of 16\"><figure class=\"swiper-slide-inner\"><img decoding=\"async\" class=\"swiper-slide-image\" src=\"https:\/\/ister.edu.ec\/wp-content\/uploads\/autoridades-inicio-periodo-academico-2025-2026-universitario-ruminahui.webp\" alt=\"autoridades-inicio-periodo-academico-2025-2026-universitario-ruminahui\" \/><\/figure><\/div><div class=\"swiper-slide\" role=\"group\" aria-roledescription=\"slide\" aria-label=\"2 of 16\"><figure class=\"swiper-slide-inner\"><img decoding=\"async\" class=\"swiper-slide-image\" src=\"https:\/\/ister.edu.ec\/wp-content\/uploads\/ceremonia-inaugural-instituto-ruminahui-2025-2026-1.webp\" alt=\"ceremonia-inaugural-instituto-ruminahui-2025-2026\" \/><\/figure><\/div><div class=\"swiper-slide\" role=\"group\" aria-roledescription=\"slide\" aria-label=\"3 of 16\"><figure class=\"swiper-slide-inner\"><img decoding=\"async\" class=\"swiper-slide-image\" src=\"https:\/\/ister.edu.ec\/wp-content\/uploads\/rectora-carmita-suarez-discurso-inaugural-ruminahui-2025.webp\" alt=\"Dra. Carmita Su\u00e1rez y Dr. Huerta en la inauguraci\u00f3n del per\u00edodo acad\u00e9mico 2025\u20132026.\" \/><\/figure><\/div><div class=\"swiper-slide\" role=\"group\" aria-roledescription=\"slide\" aria-label=\"4 of 16\"><figure class=\"swiper-slide-inner\"><img decoding=\"async\" class=\"swiper-slide-image\" src=\"https:\/\/ister.edu.ec\/wp-content\/uploads\/inicio-periodo-academico-2025-2026-universitario-ruminahui-13.webp\" alt=\"Autoridades del Instituto Rumi\u00f1ahui durante la inauguraci\u00f3n del per\u00edodo acad\u00e9mico octubre 2025\u2013marzo 2026.\" \/><\/figure><\/div><div class=\"swiper-slide\" role=\"group\" aria-roledescription=\"slide\" aria-label=\"5 of 16\"><figure class=\"swiper-slide-inner\"><img decoding=\"async\" class=\"swiper-slide-image\" src=\"https:\/\/ister.edu.ec\/wp-content\/uploads\/comunidad-educativa-ruminahui-inicio-academico-2025-2026.webp\" alt=\"Comunidad educativa del Instituto Rumi\u00f1ahui al inicio del ciclo acad\u00e9mico 2025\u20132026.\" \/><\/figure><\/div><div class=\"swiper-slide\" role=\"group\" aria-roledescription=\"slide\" aria-label=\"6 of 16\"><figure class=\"swiper-slide-inner\"><img decoding=\"async\" class=\"swiper-slide-image\" src=\"https:\/\/ister.edu.ec\/wp-content\/uploads\/publico-asistente-inicio-periodo-academico-ruminahui.webp\" alt=\"Comunidad educativa del Instituto Rumi\u00f1ahui participando en el evento de inicio acad\u00e9mico.\" \/><\/figure><\/div><div class=\"swiper-slide\" role=\"group\" aria-roledescription=\"slide\" aria-label=\"7 of 16\"><figure class=\"swiper-slide-inner\"><img decoding=\"async\" class=\"swiper-slide-image\" src=\"https:\/\/ister.edu.ec\/wp-content\/uploads\/auditorio-lleno-evento-academico-universitario-ruminahui.webp\" alt=\"Auditorio lleno en el evento acad\u00e9mico de inicio del per\u00edodo octubre 2025\u2013marzo 2026.\" \/><\/figure><\/div><div class=\"swiper-slide\" role=\"group\" aria-roledescription=\"slide\" aria-label=\"8 of 16\"><figure class=\"swiper-slide-inner\"><img decoding=\"async\" class=\"swiper-slide-image\" src=\"https:\/\/ister.edu.ec\/wp-content\/uploads\/foto-grupal-estudiantes-ruminahui-2025-2026.webp\" alt=\"Foto grupal de estudiantes del Instituto Rumi\u00f1ahui al cierre del evento inaugural.\" \/><\/figure><\/div><div class=\"swiper-slide\" role=\"group\" aria-roledescription=\"slide\" aria-label=\"9 of 16\"><figure class=\"swiper-slide-inner\"><img decoding=\"async\" class=\"swiper-slide-image\" src=\"https:\/\/ister.edu.ec\/wp-content\/uploads\/docentes-ruminahui-inicio-clases-2025-2026.webp\" alt=\"Docentes del Instituto Rumi\u00f1ahui en el inicio del per\u00edodo acad\u00e9mico 2025\u20132026.\" \/><\/figure><\/div><div class=\"swiper-slide\" role=\"group\" aria-roledescription=\"slide\" aria-label=\"10 of 16\"><figure class=\"swiper-slide-inner\"><img decoding=\"async\" class=\"swiper-slide-image\" src=\"https:\/\/ister.edu.ec\/wp-content\/uploads\/estudiantes-nuevos-ruminahui-orientacion-2025.webp\" alt=\"Estudiantes nuevos del Instituto Rumi\u00f1ahui durante la jornada de orientaci\u00f3n.\" \/><\/figure><\/div><div class=\"swiper-slide\" role=\"group\" aria-roledescription=\"slide\" aria-label=\"11 of 16\"><figure class=\"swiper-slide-inner\"><img decoding=\"async\" class=\"swiper-slide-image\" src=\"https:\/\/ister.edu.ec\/wp-content\/uploads\/estudiantes-ruminahui-bienvenida-2025-2026.webp\" alt=\"Estudiantes del Instituto Rumi\u00f1ahui en la ceremonia de bienvenida 2025\u20132026.\" \/><\/figure><\/div><div class=\"swiper-slide\" role=\"group\" aria-roledescription=\"slide\" aria-label=\"12 of 16\"><figure class=\"swiper-slide-inner\"><img decoding=\"async\" class=\"swiper-slide-image\" src=\"https:\/\/ister.edu.ec\/wp-content\/uploads\/acto-cultural-inauguracion-ruminahui-2025.webp\" alt=\"Acto cultural del Instituto Rumi\u00f1ahui en la inauguraci\u00f3n del per\u00edodo acad\u00e9mico.\" \/><\/figure><\/div><div class=\"swiper-slide\" role=\"group\" aria-roledescription=\"slide\" aria-label=\"13 of 16\"><figure class=\"swiper-slide-inner\"><img decoding=\"async\" class=\"swiper-slide-image\" src=\"https:\/\/ister.edu.ec\/wp-content\/uploads\/autoridades-docentes-ruminahui-foto-grupal-2025.webp\" alt=\"Foto grupal de autoridades y docentes del Instituto Rumi\u00f1ahui en el inicio de clases.\" \/><\/figure><\/div><div class=\"swiper-slide\" role=\"group\" aria-roledescription=\"slide\" aria-label=\"14 of 16\"><figure class=\"swiper-slide-inner\"><img decoding=\"async\" class=\"swiper-slide-image\" src=\"https:\/\/ister.edu.ec\/wp-content\/uploads\/dr-huerta-director-regentes-acto-inaugural-ruminahui-2025.webp\" alt=\"Dr. Huerta, Director de Regentes del Instituto Rumi\u00f1ahui, en el evento inaugural 2025\u20132026\" \/><\/figure><\/div><div class=\"swiper-slide\" role=\"group\" aria-roledescription=\"slide\" aria-label=\"15 of 16\"><figure class=\"swiper-slide-inner\"><img decoding=\"async\" class=\"swiper-slide-image\" src=\"https:\/\/ister.edu.ec\/wp-content\/uploads\/rectora-carmita-suarez-y-dr-huerta-evento-ruminahui-2025.webp\" alt=\"Dra. Carmita Su\u00e1rez rectora del Instituto Rumi\u00f1ahui durante su discurso inaugural.\" \/><\/figure><\/div><div class=\"swiper-slide\" role=\"group\" aria-roledescription=\"slide\" aria-label=\"16 of 16\"><figure class=\"swiper-slide-inner\"><img decoding=\"async\" class=\"swiper-slide-image\" src=\"https:\/\/ister.edu.ec\/wp-content\/uploads\/inicio-periodo-academico-2025-2026-universitario-ruminahui-1.webp\" alt=\"inicio-periodo-academico-2025-2026-universitario-ruminahui 1\" \/><\/figure><\/div>\t\t\t<\/div>\n\t\t\t\t\t\t\t\t\t\t\t\t<div class=\"elementor-swiper-button elementor-swiper-button-prev\" role=\"button\" tabindex=\"0\">\n\t\t\t\t\t\t<svg aria-hidden=\"true\" class=\"e-font-icon-svg e-eicon-chevron-left\" viewBox=\"0 0 1000 1000\" xmlns=\"http:\/\/www.w3.org\/2000\/svg\"><path d=\"M646 125C629 125 613 133 604 142L308 442C296 454 292 471 292 487 292 504 296 521 308 533L604 854C617 867 629 875 646 875 663 875 679 871 692 858 704 846 713 829 713 812 713 796 708 779 692 767L438 487 692 225C700 217 708 204 708 187 708 171 704 154 692 142 675 129 663 125 646 125Z\"><\/path><\/svg>\t\t\t\t\t<\/div>\n\t\t\t\t\t<div class=\"elementor-swiper-button elementor-swiper-button-next\" role=\"button\" tabindex=\"0\">\n\t\t\t\t\t\t<svg aria-hidden=\"true\" class=\"e-font-icon-svg e-eicon-chevron-right\" viewBox=\"0 0 1000 1000\" xmlns=\"http:\/\/www.w3.org\/2000\/svg\"><path d=\"M696 533C708 521 713 504 713 487 713 471 708 454 696 446L400 146C388 133 375 125 354 125 338 125 325 129 313 142 300 154 292 171 292 187 292 204 296 221 308 233L563 492 304 771C292 783 288 800 288 817 288 833 296 850 308 863 321 871 338 875 354 875 371 875 388 867 400 854L696 533Z\"><\/path><\/svg>\t\t\t\t\t<\/div>\n\t\t\t\t\n\t\t\t\t\t\t\t\t\t<\/div>\n\t\t\t\t\t\t<\/div>\n\t\t\t\t<\/div>\n\t\t\t\t<div class=\"elementor-element elementor-element-81fb6b5 elementor-widget elementor-widget-text-editor\" data-id=\"81fb6b5\" data-element_type=\"widget\" data-e-type=\"widget\" data-widget_type=\"text-editor.default\">\n\t\t\t\t<div class=\"elementor-widget-container\">\n\t\t\t\t\t\t\t\t\t<p data-start=\"1073\" data-end=\"1295\">El <strong data-start=\"1076\" data-end=\"1103\">Universitario Rumi\u00f1ahui<\/strong> dio inicio oficial al nuevo <strong data-start=\"1132\" data-end=\"1179\">per\u00edodo acad\u00e9mico octubre 2025 \u2013 marzo 2026<\/strong> con un evento lleno de entusiasmo, compromiso y energ\u00eda positiva, desarrollado en el auditorio de la instituci\u00f3n.<\/p><p data-start=\"1297\" data-end=\"1522\">La jornada cont\u00f3 con la participaci\u00f3n de <strong data-start=\"1338\" data-end=\"1404\">autoridades, directores, coordinadores, docentes y estudiantes<\/strong>, quienes compartieron un espacio de encuentro que marc\u00f3 el comienzo de un nuevo ciclo de aprendizaje y crecimiento.<\/p><p data-start=\"1524\" data-end=\"1685\">El auditorio se llen\u00f3 por completo, reflejando el <strong data-start=\"1574\" data-end=\"1613\">sentido de pertenencia y motivaci\u00f3n<\/strong> que caracteriza a la comunidad educativa del Universitario Rumi\u00f1ahui.<\/p><p data-start=\"1687\" data-end=\"1874\">Durante el acto inaugural, se resalt\u00f3 la importancia de <strong data-start=\"1743\" data-end=\"1791\">fortalecer la educaci\u00f3n tecnol\u00f3gica superior<\/strong> como pilar para el desarrollo personal, profesional y social de los estudiantes.<\/p><p data-start=\"1876\" data-end=\"2055\">El Universitario Rumi\u00f1ahui reafirma su <strong data-start=\"1915\" data-end=\"2016\">compromiso con la formaci\u00f3n de profesionales competentes, innovadores y con visi\u00f3n transformadora<\/strong>, que contribuyan al progreso del pa\u00eds.<\/p>\t\t\t\t\t\t\t\t<\/div>\n\t\t\t\t<\/div>\n\t\t\t\t<div class=\"elementor-element elementor-element-e42a2fc elementor-widget-divider--view-line elementor-widget elementor-widget-divider\" data-id=\"e42a2fc\" data-element_type=\"widget\" data-e-type=\"widget\" data-widget_type=\"divider.default\">\n\t\t\t\t<div class=\"elementor-widget-container\">\n\t\t\t\t\t\t\t<div class=\"elementor-divider\">\n\t\t\t<span class=\"elementor-divider-separator\">\n\t\t\t\t\t\t<\/span>\n\t\t<\/div>\n\t\t\t\t\t\t<\/div>\n\t\t\t\t<\/div>\n\t\t\t\t<div class=\"elementor-element elementor-element-262469b elementor-align-center elementor-widget elementor-widget-button\" data-id=\"262469b\" data-element_type=\"widget\" data-e-type=\"widget\" data-widget_type=\"button.default\">\n\t\t\t\t<div class=\"elementor-widget-container\">\n\t\t\t\t\t\t\t\t\t<div class=\"elementor-button-wrapper\">\n\t\t\t\t\t<a class=\"elementor-button elementor-button-link elementor-size-sm\" href=\"https:\/\/ister.edu.ec\/wp-content\/uploads\/Boletin-inicio-de-clases.pdf\">\n\t\t\t\t\t\t<span class=\"elementor-button-content-wrapper\">\n\t\t\t\t\t\t<span class=\"elementor-button-icon\">\n\t\t\t\t<svg aria-hidden=\"true\" class=\"e-font-icon-svg e-fas-file-pdf\" viewBox=\"0 0 384 512\" xmlns=\"http:\/\/www.w3.org\/2000\/svg\"><path d=\"M181.9 256.1c-5-16-4.9-46.9-2-46.9 8.4 0 7.6 36.9 2 46.9zm-1.7 47.2c-7.7 20.2-17.3 43.3-28.4 62.7 18.3-7 39-17.2 62.9-21.9-12.7-9.6-24.9-23.4-34.5-40.8zM86.1 428.1c0 .8 13.2-5.4 34.9-40.2-6.7 6.3-29.1 24.5-34.9 40.2zM248 160h136v328c0 13.3-10.7 24-24 24H24c-13.3 0-24-10.7-24-24V24C0 10.7 10.7 0 24 0h200v136c0 13.2 10.8 24 24 24zm-8 171.8c-20-12.2-33.3-29-42.7-53.8 4.5-18.5 11.6-46.6 6.2-64.2-4.7-29.4-42.4-26.5-47.8-6.8-5 18.3-.4 44.1 8.1 77-11.6 27.6-28.7 64.6-40.8 85.8-.1 0-.1.1-.2.1-27.1 13.9-73.6 44.5-54.5 68 5.6 6.9 16 10 21.5 10 17.9 0 35.7-18 61.1-61.8 25.8-8.5 54.1-19.1 79-23.2 21.7 11.8 47.1 19.5 64 19.5 29.2 0 31.2-32 19.7-43.4-13.9-13.6-54.3-9.7-73.6-7.2zM377 105L279 7c-4.5-4.5-10.6-7-17-7h-6v128h128v-6.1c0-6.3-2.5-12.4-7-16.9zm-74.1 255.3c4.1-2.7-2.5-11.9-42.8-9 37.1 15.8 42.8 9 42.8 9z\"><\/path><\/svg>\t\t\t<\/span>\n\t\t\t\t\t\t\t\t\t<span class=\"elementor-button-text\">DESCARGAR EL BOLET\u00cdN AQU\u00cd<\/span>\n\t\t\t\t\t<\/span>\n\t\t\t\t\t<\/a>\n\t\t\t\t<\/div>\n\t\t\t\t\t\t\t\t<\/div>\n\t\t\t\t<\/div>\n\t\t\t\t<div class=\"elementor-element elementor-element-7c1edd7 elementor-widget-divider--view-line elementor-widget elementor-widget-divider\" data-id=\"7c1edd7\" data-element_type=\"widget\" data-e-type=\"widget\" data-widget_type=\"divider.default\">\n\t\t\t\t<div class=\"elementor-widget-container\">\n\t\t\t\t\t\t\t<div class=\"elementor-divider\">\n\t\t\t<span class=\"elementor-divider-separator\">\n\t\t\t\t\t\t<\/span>\n\t\t<\/div>\n\t\t\t\t\t\t<\/div>\n\t\t\t\t<\/div>\n\t\t\t\t<div class=\"elementor-element elementor-element-8c846da elementor-widget elementor-widget-heading\" data-id=\"8c846da\" data-element_type=\"widget\" data-e-type=\"widget\" data-widget_type=\"heading.default\">\n\t\t\t\t<div class=\"elementor-widget-container\">\n\t\t\t\t\t<h2 class=\"elementor-heading-title elementor-size-default\">Preguntas frecuentes sobre el inicio de clases el Universitario Rumi\u00f1ahui.<\/h2>\t\t\t\t<\/div>\n\t\t\t\t<\/div>\n\t\t\t\t<div class=\"elementor-element elementor-element-a0a5e4a elementor-widget elementor-widget-elementskit-faq\" data-id=\"a0a5e4a\" data-element_type=\"widget\" data-e-type=\"widget\" data-widget_type=\"elementskit-faq.default\">\n\t\t\t\t<div class=\"elementor-widget-container\">\n\t\t\t\t\t<div class=\"ekit-wid-con\" >\n                <div class=\"elementskit-single-faq elementor-repeater-item-f998209\">\n            <div class=\"elementskit-faq-header\">\n                <h2 class=\"elementskit-faq-title\">1. \u00bfCu\u00e1ndo inici\u00f3 el nuevo per\u00edodo acad\u00e9mico en el Universitario Rumi\u00f1ahui?<\/h2>\n            <\/div>\n            <div class=\"elementskit-faq-body\">\n                El nuevo per\u00edodo acad\u00e9mico inici\u00f3 oficialmente en octubre de 2025 y se extender\u00e1 hasta marzo de 2026.            <\/div>\n        <\/div>\n                <div class=\"elementskit-single-faq elementor-repeater-item-8143a90\">\n            <div class=\"elementskit-faq-header\">\n                <h2 class=\"elementskit-faq-title\">2. \u00bfD\u00f3nde se realiz\u00f3 el evento inaugural del per\u00edodo acad\u00e9mico?<\/h2>\n            <\/div>\n            <div class=\"elementskit-faq-body\">\n                El evento se desarroll\u00f3 en el auditorio del Universitario Rumi\u00f1ahui, con la asistencia de autoridades, docentes y estudiantes.            <\/div>\n        <\/div>\n                <div class=\"elementskit-single-faq elementor-repeater-item-bf24bd8\">\n            <div class=\"elementskit-faq-header\">\n                <h2 class=\"elementskit-faq-title\">3. \u00bfQu\u00e9 objetivos tiene el Universitario Rumi\u00f1ahui para este nuevo per\u00edodo acad\u00e9mico?<\/h2>\n            <\/div>\n            <div class=\"elementskit-faq-body\">\n                Fortalecer la formaci\u00f3n tecnol\u00f3gica superior, promoviendo el desarrollo integral, la innovaci\u00f3n y el compromiso social de los estudiantes.            <\/div>\n        <\/div>\n                <div class=\"elementskit-single-faq elementor-repeater-item-b8094da\">\n            <div class=\"elementskit-faq-header\">\n                <h2 class=\"elementskit-faq-title\">4. \u00bfQui\u00e9nes participaron en el inicio del per\u00edodo acad\u00e9mico?<\/h2>\n            <\/div>\n            <div class=\"elementskit-faq-body\">\n                Participaron autoridades institucionales, directores, coordinadores, docentes, estudiantes y p\u00fablico en general.            <\/div>\n        <\/div>\n                <div class=\"elementskit-single-faq elementor-repeater-item-ef3c693\">\n            <div class=\"elementskit-faq-header\">\n                <h2 class=\"elementskit-faq-title\">5. \u00bfQu\u00e9 mensaje dej\u00f3 el Universitario Rumi\u00f1ahui durante el evento?<\/h2>\n            <\/div>\n            <div class=\"elementskit-faq-body\">\n                El compromiso de seguir formando profesionales con visi\u00f3n transformadora, capaces de contribuir al progreso del Ecuador.            <\/div>\n        <\/div>\n                \n    <\/div>\t\t\t\t<\/div>\n\t\t\t\t<\/div>\n\t\t\t\t<div class=\"elementor-element elementor-element-7ad1f6a elementor-widget elementor-widget-html\" data-id=\"7ad1f6a\" data-element_type=\"widget\" data-e-type=\"widget\" data-widget_type=\"html.default\">\n\t\t\t\t<div class=\"elementor-widget-container\">\n\t\t\t\t\t<script type=\"application\/ld+json\">\r\n{\r\n  \"@context\": \"https:\/\/schema.org\",\r\n  \"@type\": \"FAQPage\",\r\n  \"mainEntity\": [\r\n    {\r\n      \"@type\": \"Question\",\r\n      \"name\": \"\u00bfCu\u00e1ndo inici\u00f3 el nuevo per\u00edodo acad\u00e9mico en el Universitario Rumi\u00f1ahui?\",\r\n      \"acceptedAnswer\": {\r\n        \"@type\": \"Answer\",\r\n        \"text\": \"El nuevo per\u00edodo acad\u00e9mico inici\u00f3 oficialmente en octubre de 2025 y se extender\u00e1 hasta marzo de 2026.\"\r\n      }\r\n    },\r\n    {\r\n      \"@type\": \"Question\",\r\n      \"name\": \"\u00bfD\u00f3nde se realiz\u00f3 el evento inaugural del per\u00edodo acad\u00e9mico?\",\r\n      \"acceptedAnswer\": {\r\n        \"@type\": \"Answer\",\r\n        \"text\": \"El evento se desarroll\u00f3 en el auditorio del Universitario Rumi\u00f1ahui, con la asistencia de autoridades, docentes y estudiantes.\"\r\n      }\r\n    },\r\n    {\r\n      \"@type\": \"Question\",\r\n      \"name\": \"\u00bfQu\u00e9 objetivos tiene el Universitario Rumi\u00f1ahui para este nuevo per\u00edodo acad\u00e9mico?\",\r\n      \"acceptedAnswer\": {\r\n        \"@type\": \"Answer\",\r\n        \"text\": \"Fortalecer la formaci\u00f3n tecnol\u00f3gica superior, promoviendo el desarrollo integral, la innovaci\u00f3n y el compromiso social de los estudiantes.\"\r\n      }\r\n    },\r\n    {\r\n      \"@type\": \"Question\",\r\n      \"name\": \"\u00bfQui\u00e9nes participaron en el inicio del per\u00edodo acad\u00e9mico?\",\r\n      \"acceptedAnswer\": {\r\n        \"@type\": \"Answer\",\r\n        \"text\": \"Participaron autoridades institucionales, directores, coordinadores, docentes, estudiantes y p\u00fablico en general.\"\r\n      }\r\n    },\r\n    {\r\n      \"@type\": \"Question\",\r\n      \"name\": \"\u00bfQu\u00e9 mensaje dej\u00f3 el Universitario Rumi\u00f1ahui durante el evento?\",\r\n      \"acceptedAnswer\": {\r\n        \"@type\": \"Answer\",\r\n        \"text\": \"El compromiso de seguir formando profesionales con visi\u00f3n transformadora, capaces de contribuir al progreso del Ecuador.\"\r\n      }\r\n    }\r\n  ]\r\n}\r\n<\/script>\r\n\t\t\t\t<\/div>\n\t\t\t\t<\/div>\n\t\t\t\t<\/div>\n\t\t<div class=\"elementor-element elementor-element-c53dce3 e-con-full e-flex e-con e-child\" data-id=\"c53dce3\" data-element_type=\"container\" data-e-type=\"container\">\n\t\t<div class=\"elementor-element elementor-element-302e131 e-con-full e-flex e-con e-child\" data-id=\"302e131\" data-element_type=\"container\" data-e-type=\"container\">\n\t\t<div class=\"elementor-element elementor-element-fcacd76 e-con-full e-flex e-con e-child\" data-id=\"fcacd76\" data-element_type=\"container\" data-e-type=\"container\" data-settings=\"{&quot;background_background&quot;:&quot;classic&quot;}\">\n\t\t\t\t<div class=\"elementor-element elementor-element-a420b44 elementor-widget elementor-widget-heading\" data-id=\"a420b44\" data-element_type=\"widget\" data-e-type=\"widget\" data-widget_type=\"heading.default\">\n\t\t\t\t<div class=\"elementor-widget-container\">\n\t\t\t\t\t<h2 class=\"elementor-heading-title elementor-size-default\">Publicaci\u00f3n relacionada<\/h2>\t\t\t\t<\/div>\n\t\t\t\t<\/div>\n\t\t\t\t<div class=\"elementor-element elementor-element-7755c85 elementor-widget elementor-widget-jkit_post_list\" data-id=\"7755c85\" data-element_type=\"widget\" data-e-type=\"widget\" data-widget_type=\"jkit_post_list.default\">\n\t\t\t\t<div class=\"elementor-widget-container\">\n\t\t\t\t\t<div  class=\"jeg-elementor-kit jkit-postlist layout-vertical post-element jkit-pagination-disable jeg_module___69f314be8ab42\"  data-id=\"jeg_module___69f314be8ab42\" data-settings=\"{&quot;post_type&quot;:&quot;post&quot;,&quot;number_post&quot;:{&quot;unit&quot;:&quot;px&quot;,&quot;size&quot;:3,&quot;sizes&quot;:[]},&quot;post_offset&quot;:0,&quot;unique_content&quot;:&quot;disable&quot;,&quot;include_post&quot;:&quot;&quot;,&quot;exclude_post&quot;:&quot;&quot;,&quot;include_category&quot;:&quot;&quot;,&quot;exclude_category&quot;:&quot;&quot;,&quot;include_author&quot;:&quot;&quot;,&quot;include_tag&quot;:&quot;&quot;,&quot;exclude_tag&quot;:&quot;&quot;,&quot;r3d_category&quot;:&quot;&quot;,&quot;r3d_author&quot;:&quot;&quot;,&quot;sort_by&quot;:&quot;latest&quot;,&quot;pagination_mode&quot;:&quot;disable&quot;,&quot;pagination_loadmore_text&quot;:&quot;Load More&quot;,&quot;pagination_loading_text&quot;:&quot;Loading...&quot;,&quot;pagination_number_post&quot;:{&quot;unit&quot;:&quot;px&quot;,&quot;size&quot;:3,&quot;sizes&quot;:[]},&quot;pagination_scroll_limit&quot;:0,&quot;pagination_icon&quot;:{&quot;value&quot;:&quot;&quot;,&quot;library&quot;:&quot;&quot;},&quot;pagination_icon_position&quot;:&quot;before&quot;,&quot;sg_content_layout&quot;:&quot;vertical&quot;,&quot;sg_content_image_enable&quot;:&quot;&quot;,&quot;sg_content_background_image_enable&quot;:&quot;&quot;,&quot;sg_content_icon_enable&quot;:&quot;&quot;,&quot;sg_content_icon&quot;:{&quot;value&quot;:&quot;fas fa-circle&quot;,&quot;library&quot;:&quot;fa-solid&quot;},&quot;sg_content_meta_enable&quot;:&quot;yes&quot;,&quot;sg_content_meta_date_enable&quot;:&quot;yes&quot;,&quot;sg_content_meta_date_type&quot;:&quot;published&quot;,&quot;sg_content_meta_date_format&quot;:&quot;default&quot;,&quot;sg_content_meta_date_format_custom&quot;:&quot;F j, Y&quot;,&quot;sg_content_meta_date_icon&quot;:{&quot;value&quot;:&quot;fas fa-clock&quot;,&quot;library&quot;:&quot;fa-solid&quot;},&quot;sg_content_meta_category_enable&quot;:&quot;&quot;,&quot;sg_content_meta_category_icon&quot;:{&quot;value&quot;:&quot;fas fa-tag&quot;,&quot;library&quot;:&quot;fa-solid&quot;},&quot;sg_content_meta_position&quot;:&quot;bottom&quot;,&quot;sg_content_image_size_imagesize_size&quot;:&quot;full&quot;,&quot;paged&quot;:1,&quot;class&quot;:&quot;jkit_post_list&quot;}\"><div class=\"jkit-block-container\"><div class=\"jkit-posts jkit-ajax-flag\">\n            <article class=\"jkit-post post-list-item\">\n                <a href=\"https:\/\/ister.edu.ec\/en\/programa-contigo-mujer\/\" >\n                    \n                    <div class=\"jkit-postlist-content\"><span class=\"jkit-postlist-title\">Programa Contigo Mujer<\/span><div class=\"meta-lists\"><span class=\"meta-date\"><svg aria-hidden=\"true\" class=\"e-font-icon-svg e-fas-clock\" viewBox=\"0 0 512 512\" xmlns=\"http:\/\/www.w3.org\/2000\/svg\"><path d=\"M256,8C119,8,8,119,8,256S119,504,256,504,504,393,504,256,393,8,256,8Zm92.49,313h0l-20,25a16,16,0,0,1-22.49,2.5h0l-67-49.72a40,40,0,0,1-15-31.23V112a16,16,0,0,1,16-16h32a16,16,0,0,1,16,16V256l58,42.5A16,16,0,0,1,348.49,321Z\"><\/path><\/svg>1 de April de 2026<\/span> <\/div><\/div>\n                <\/a>\n            <\/article><article class=\"jkit-post post-list-item\">\n                <a href=\"https:\/\/ister.edu.ec\/en\/curso-internacional-de-emergencias-medicas\/\" >\n                    \n                    <div class=\"jkit-postlist-content\"><span class=\"jkit-postlist-title\">Curso Internacional de Emergencias M\u00e9dicas<\/span><div class=\"meta-lists\"><span class=\"meta-date\"><svg aria-hidden=\"true\" class=\"e-font-icon-svg e-fas-clock\" viewBox=\"0 0 512 512\" xmlns=\"http:\/\/www.w3.org\/2000\/svg\"><path d=\"M256,8C119,8,8,119,8,256S119,504,256,504,504,393,504,256,393,8,256,8Zm92.49,313h0l-20,25a16,16,0,0,1-22.49,2.5h0l-67-49.72a40,40,0,0,1-15-31.23V112a16,16,0,0,1,16-16h32a16,16,0,0,1,16,16V256l58,42.5A16,16,0,0,1,348.49,321Z\"><\/path><\/svg>10 de February de 2026<\/span> <\/div><\/div>\n                <\/a>\n            <\/article><article class=\"jkit-post post-list-item\">\n                <a href=\"https:\/\/ister.edu.ec\/en\/curso-internacional-de-enfermeria\/\" >\n                    \n                    <div class=\"jkit-postlist-content\"><span class=\"jkit-postlist-title\">Curso internacional de enfermer\u00eda<\/span><div class=\"meta-lists\"><span class=\"meta-date\"><svg aria-hidden=\"true\" class=\"e-font-icon-svg e-fas-clock\" viewBox=\"0 0 512 512\" xmlns=\"http:\/\/www.w3.org\/2000\/svg\"><path d=\"M256,8C119,8,8,119,8,256S119,504,256,504,504,393,504,256,393,8,256,8Zm92.49,313h0l-20,25a16,16,0,0,1-22.49,2.5h0l-67-49.72a40,40,0,0,1-15-31.23V112a16,16,0,0,1,16-16h32a16,16,0,0,1,16,16V256l58,42.5A16,16,0,0,1,348.49,321Z\"><\/path><\/svg>10 de February de 2026<\/span> <\/div><\/div>\n                <\/a>\n            <\/article>\n        <\/div><\/div><\/div>\t\t\t\t<\/div>\n\t\t\t\t<\/div>\n\t\t\t\t<\/div>\n\t\t\t\t<\/div>\n\t\t<div class=\"elementor-element elementor-element-89058cb e-con-full e-flex e-con e-child\" data-id=\"89058cb\" data-element_type=\"container\" data-e-type=\"container\" data-settings=\"{&quot;background_background&quot;:&quot;classic&quot;}\">\n\t\t<div class=\"elementor-element elementor-element-ed8f2c2 e-con-full e-flex e-con e-child\" data-id=\"ed8f2c2\" data-element_type=\"container\" data-e-type=\"container\" data-settings=\"{&quot;background_background&quot;:&quot;classic&quot;}\">\n\t\t\t\t<div class=\"elementor-element elementor-element-19dc82f elementor-widget elementor-widget-image\" data-id=\"19dc82f\" data-element_type=\"widget\" data-e-type=\"widget\" data-widget_type=\"image.default\">\n\t\t\t\t<div class=\"elementor-widget-container\">\n\t\t\t\t\t\t\t\t\t\t\t\t\t\t\t<img decoding=\"async\" width=\"1600\" height=\"739\" src=\"https:\/\/ister.edu.ec\/wp-content\/uploads\/WhatsApp-Image-2023-06-13-at-11.53.56-AM.jpeg\" class=\"attachment-full size-full wp-image-9152\" alt=\"\" srcset=\"https:\/\/ister.edu.ec\/wp-content\/uploads\/WhatsApp-Image-2023-06-13-at-11.53.56-AM.jpeg 1600w, https:\/\/ister.edu.ec\/wp-content\/uploads\/WhatsApp-Image-2023-06-13-at-11.53.56-AM-300x139.jpeg 300w, https:\/\/ister.edu.ec\/wp-content\/uploads\/WhatsApp-Image-2023-06-13-at-11.53.56-AM-1024x473.jpeg 1024w, https:\/\/ister.edu.ec\/wp-content\/uploads\/WhatsApp-Image-2023-06-13-at-11.53.56-AM-768x355.jpeg 768w, https:\/\/ister.edu.ec\/wp-content\/uploads\/WhatsApp-Image-2023-06-13-at-11.53.56-AM-1536x709.jpeg 1536w\" sizes=\"(max-width: 1600px) 100vw, 1600px\" title=\"WhatsApp Image 2023-06-13 at 11.53.56 AM - Tecnol\u00f3gico Universitario Rumi\u00f1ahui\" \/>\t\t\t\t\t\t\t\t\t\t\t\t\t\t\t<\/div>\n\t\t\t\t<\/div>\n\t\t<div class=\"elementor-element elementor-element-1be0ffd e-con-full e-flex e-con e-child\" data-id=\"1be0ffd\" data-element_type=\"container\" data-e-type=\"container\">\n\t\t<div class=\"elementor-element elementor-element-ddde97b e-con-full e-flex e-con e-child\" data-id=\"ddde97b\" data-element_type=\"container\" data-e-type=\"container\">\n\t\t\t\t<div class=\"elementor-element elementor-element-540acb2 elementor-widget elementor-widget-heading\" data-id=\"540acb2\" data-element_type=\"widget\" data-e-type=\"widget\" data-widget_type=\"heading.default\">\n\t\t\t\t<div class=\"elementor-widget-container\">\n\t\t\t\t\t<h2 class=\"elementor-heading-title elementor-size-default\">CONECTA CON NOSOTROS<\/h2>\t\t\t\t<\/div>\n\t\t\t\t<\/div>\n\t\t\t\t<div class=\"elementor-element elementor-element-6aa1f3c elementor-widget elementor-widget-text-editor\" data-id=\"6aa1f3c\" data-element_type=\"widget\" data-e-type=\"widget\" data-widget_type=\"text-editor.default\">\n\t\t\t\t<div class=\"elementor-widget-container\">\n\t\t\t\t\t\t\t\t\t<p>\u00a1En cualquiera de nuestros espacios, estaremos con toda la inmediatez y disposici\u00f3n de ayudarte en tu siguiente reto acad\u00e9mico!<\/p>\t\t\t\t\t\t\t\t<\/div>\n\t\t\t\t<\/div>\n\t\t<div class=\"elementor-element elementor-element-845e597 e-con-full e-flex e-con e-child\" data-id=\"845e597\" data-element_type=\"container\" data-e-type=\"container\">\n\t\t<div class=\"elementor-element elementor-element-8d5938c e-con-full e-flex e-con e-child\" data-id=\"8d5938c\" data-element_type=\"container\" data-e-type=\"container\">\n\t\t\t\t<div class=\"elementor-element elementor-element-bd5f1d6 elementor-align-start elementor-icon-list--layout-traditional elementor-list-item-link-full_width elementor-widget elementor-widget-icon-list\" data-id=\"bd5f1d6\" data-element_type=\"widget\" data-e-type=\"widget\" data-widget_type=\"icon-list.default\">\n\t\t\t\t<div class=\"elementor-widget-container\">\n\t\t\t\t\t\t\t<ul class=\"elementor-icon-list-items\">\n\t\t\t\t\t\t\t<li class=\"elementor-icon-list-item\">\n\t\t\t\t\t\t\t\t\t\t<span class=\"elementor-icon-list-text\">Av. Atahualpa 1701 y 8 de Febrero.<\/span>\n\t\t\t\t\t\t\t\t\t<\/li>\n\t\t\t\t\t\t\t\t<li class=\"elementor-icon-list-item\">\n\t\t\t\t\t\t\t\t\t\t<span class=\"elementor-icon-list-text\">Telf.: (02) 352-4576<\/span>\n\t\t\t\t\t\t\t\t\t<\/li>\n\t\t\t\t\t\t\t\t<li class=\"elementor-icon-list-item\">\n\t\t\t\t\t\t\t\t\t\t<span class=\"elementor-icon-list-text\">Telf.: (02) 233-1628<\/span>\n\t\t\t\t\t\t\t\t\t<\/li>\n\t\t\t\t\t\t<\/ul>\n\t\t\t\t\t\t<\/div>\n\t\t\t\t<\/div>\n\t\t\t\t<div class=\"elementor-element elementor-element-f9f3e39 elementor-align-start elementor-icon-list--layout-traditional elementor-list-item-link-full_width elementor-widget elementor-widget-icon-list\" data-id=\"f9f3e39\" data-element_type=\"widget\" data-e-type=\"widget\" data-widget_type=\"icon-list.default\">\n\t\t\t\t<div class=\"elementor-widget-container\">\n\t\t\t\t\t\t\t<ul class=\"elementor-icon-list-items\">\n\t\t\t\t\t\t\t<li class=\"elementor-icon-list-item\">\n\t\t\t\t\t\t\t\t\t\t<span class=\"elementor-icon-list-text\">Email: info@ister.edu.ec<\/span>\n\t\t\t\t\t\t\t\t\t<\/li>\n\t\t\t\t\t\t<\/ul>\n\t\t\t\t\t\t<\/div>\n\t\t\t\t<\/div>\n\t\t\t\t<\/div>\n\t\t\t\t<\/div>\n\t\t\t\t<div class=\"elementor-element elementor-element-685f625 elementor-widget-divider--view-line elementor-widget elementor-widget-divider\" data-id=\"685f625\" data-element_type=\"widget\" data-e-type=\"widget\" data-widget_type=\"divider.default\">\n\t\t\t\t<div class=\"elementor-widget-container\">\n\t\t\t\t\t\t\t<div class=\"elementor-divider\">\n\t\t\t<span class=\"elementor-divider-separator\">\n\t\t\t\t\t\t<\/span>\n\t\t<\/div>\n\t\t\t\t\t\t<\/div>\n\t\t\t\t<\/div>\n\t\t\t\t<div class=\"elementor-element elementor-element-9586840 elementor-widget elementor-widget-heading\" data-id=\"9586840\" data-element_type=\"widget\" data-e-type=\"widget\" data-widget_type=\"heading.default\">\n\t\t\t\t<div class=\"elementor-widget-container\">\n\t\t\t\t\t<h2 class=\"elementor-heading-title elementor-size-default\">Social Media<\/h2>\t\t\t\t<\/div>\n\t\t\t\t<\/div>\n\t\t\t\t<div class=\"elementor-element elementor-element-10d05dd elementor-widget elementor-widget-text-editor\" data-id=\"10d05dd\" data-element_type=\"widget\" data-e-type=\"widget\" data-widget_type=\"text-editor.default\">\n\t\t\t\t<div class=\"elementor-widget-container\">\n\t\t\t\t\t\t\t\t\t<p>\u00a1S\u00e9 parte de nuestra comunidad!<\/p>\t\t\t\t\t\t\t\t<\/div>\n\t\t\t\t<\/div>\n\t\t\t\t<div class=\"elementor-element elementor-element-67ac87c elementor-widget elementor-widget-elementskit-social-media\" data-id=\"67ac87c\" data-element_type=\"widget\" data-e-type=\"widget\" data-widget_type=\"elementskit-social-media.default\">\n\t\t\t\t<div class=\"elementor-widget-container\">\n\t\t\t\t\t<div class=\"ekit-wid-con\" >\t\t\t <ul class=\"ekit_social_media\">\n\t\t\t\t\t\t\t\t\t\t\t\t\t\t<li class=\"elementor-repeater-item-e634fb2\">\n\t\t\t\t\t    <a\n\t\t\t\t\t\thref=\"https:\/\/www.facebook.com\/tecruminahui\/\" target=\"_blank\" aria-label=\"Facebook\" class=\"light\" >\n\t\t\t\t\t\t\t\n\t\t\t\t\t\t\t<i aria-hidden=\"true\" class=\"jki jki-facebook-light\"><\/i>\n                                                                                                            <\/a>\n                    <\/li>\n                    \t\t\t\t\t\t\t\t\t\t\t\t\t\t<li class=\"elementor-repeater-item-6a4d4e9\">\n\t\t\t\t\t    <a\n\t\t\t\t\t\thref=\"https:\/\/www.instagram.com\/tecruminahui\/\" target=\"_blank\" aria-label=\"Instagram\" class=\"1\" >\n\t\t\t\t\t\t\t\n\t\t\t\t\t\t\t<i aria-hidden=\"true\" class=\"icon icon-instagram-1\"><\/i>\n                                                                                                            <\/a>\n                    <\/li>\n                    \t\t\t\t\t\t\t\t\t\t\t\t\t\t<li class=\"elementor-repeater-item-ffb9e06\">\n\t\t\t\t\t    <a\n\t\t\t\t\t\thref=\"https:\/\/www.tiktok.com\/@tecruminahui\" target=\"_blank\" aria-label=\"TikTok\" class=\"tiktok\" >\n\t\t\t\t\t\t\t\n\t\t\t\t\t\t\t<svg aria-hidden=\"true\" class=\"e-font-icon-svg e-fab-tiktok\" viewBox=\"0 0 448 512\" xmlns=\"http:\/\/www.w3.org\/2000\/svg\"><path d=\"M448,209.91a210.06,210.06,0,0,1-122.77-39.25V349.38A162.55,162.55,0,1,1,185,188.31V278.2a74.62,74.62,0,1,0,52.23,71.18V0l88,0a121.18,121.18,0,0,0,1.86,22.17h0A122.18,122.18,0,0,0,381,102.39a121.43,121.43,0,0,0,67,20.14Z\"><\/path><\/svg>\n                                                                                                            <\/a>\n                    <\/li>\n                    \t\t\t\t\t\t\t\t\t\t\t\t\t\t<li class=\"elementor-repeater-item-015973c\">\n\t\t\t\t\t    <a\n\t\t\t\t\t\thref=\"https:\/\/twitter.com\/tecruminahui\" target=\"_blank\" aria-label=\"Twitter\" class=\"light\" >\n\t\t\t\t\t\t\t\n\t\t\t\t\t\t\t<i aria-hidden=\"true\" class=\"jki jki-twitter-light\"><\/i>\n                                                                                                            <\/a>\n                    <\/li>\n                    \t\t\t\t\t\t\t\t\t\t\t\t\t\t<li class=\"elementor-repeater-item-17cda8a\">\n\t\t\t\t\t    <a\n\t\t\t\t\t\thref=\"https:\/\/www.linkedin.com\/company\/82278233\/\" target=\"_blank\" aria-label=\"LInkedin\" class=\"linkedin\" >\n\t\t\t\t\t\t\t\n\t\t\t\t\t\t\t<i aria-hidden=\"true\" class=\"icon icon-linkedin\"><\/i>\n                                                                                                            <\/a>\n                    <\/li>\n                    \t\t\t\t\t\t\t\t\t\t\t\t\t\t<li class=\"elementor-repeater-item-213bfa6\">\n\t\t\t\t\t    <a\n\t\t\t\t\t\thref=\"https:\/\/www.youtube.com\/channel\/UCsqcySuhlMGfXGvh2fr37bA\" target=\"_blank\" aria-label=\"Youtube\" class=\"v\" >\n\t\t\t\t\t\t\t\n\t\t\t\t\t\t\t<i aria-hidden=\"true\" class=\"icon icon-youtube-v\"><\/i>\n                                                                                                            <\/a>\n                    <\/li>\n                    \t\t\t\t\t\t\t<\/ul>\n\t\t<\/div>\t\t\t\t<\/div>\n\t\t\t\t<\/div>\n\t\t\t\t<\/div>\n\t\t\t\t<\/div>\n\t\t\t\t<\/div>\n\t\t\t\t<\/div>\n\t\t\t\t<\/div>\n\t\t\t\t\t<\/div>\n\t\t\t\t<\/div>\n\t\t\t\t<\/div>\n\t\t","protected":false},"excerpt":{"rendered":"<p>El Universitario Rumi\u00f1ahui da la bienvenida al nuevo per\u00edodo acad\u00e9mico con entusiasmo y compromiso El Universitario Rumi\u00f1ahui inaugur\u00f3 el per\u00edodo acad\u00e9mico octubre 2025 \u2013 marzo 2026 en un evento lleno de energ\u00eda, con la participaci\u00f3n de autoridades, docentes y estudiantes comprometidos con la excelencia educativa. El Universitario Rumi\u00f1ahui dio inicio oficial al nuevo per\u00edodo acad\u00e9mico [&hellip;]<\/p>\n","protected":false},"author":4,"featured_media":35612,"comment_status":"open","ping_status":"open","sticky":false,"template":"","format":"standard","meta":{"om_disable_all_campaigns":false,"_monsterinsights_skip_tracking":false,"_monsterinsights_sitenote_active":false,"_monsterinsights_sitenote_note":"","_monsterinsights_sitenote_category":0,"footnotes":""},"categories":[1],"tags":[],"class_list":["post-35611","post","type-post","status-publish","format-standard","has-post-thumbnail","hentry","category-universitario"],"aioseo_notices":[],"jetpack_featured_media_url":"https:\/\/ister.edu.ec\/wp-content\/uploads\/ceremonia-inaugural-instituto-ruminahui-2025-2026.webp","_links":{"self":[{"href":"https:\/\/ister.edu.ec\/en\/wp-json\/wp\/v2\/posts\/35611","targetHints":{"allow":["GET"]}}],"collection":[{"href":"https:\/\/ister.edu.ec\/en\/wp-json\/wp\/v2\/posts"}],"about":[{"href":"https:\/\/ister.edu.ec\/en\/wp-json\/wp\/v2\/types\/post"}],"author":[{"embeddable":true,"href":"https:\/\/ister.edu.ec\/en\/wp-json\/wp\/v2\/users\/4"}],"replies":[{"embeddable":true,"href":"https:\/\/ister.edu.ec\/en\/wp-json\/wp\/v2\/comments?post=35611"}],"version-history":[{"count":10,"href":"https:\/\/ister.edu.ec\/en\/wp-json\/wp\/v2\/posts\/35611\/revisions"}],"predecessor-version":[{"id":35643,"href":"https:\/\/ister.edu.ec\/en\/wp-json\/wp\/v2\/posts\/35611\/revisions\/35643"}],"wp:featuredmedia":[{"embeddable":true,"href":"https:\/\/ister.edu.ec\/en\/wp-json\/wp\/v2\/media\/35612"}],"wp:attachment":[{"href":"https:\/\/ister.edu.ec\/en\/wp-json\/wp\/v2\/media?parent=35611"}],"wp:term":[{"taxonomy":"category","embeddable":true,"href":"https:\/\/ister.edu.ec\/en\/wp-json\/wp\/v2\/categories?post=35611"},{"taxonomy":"post_tag","embeddable":true,"href":"https:\/\/ister.edu.ec\/en\/wp-json\/wp\/v2\/tags?post=35611"}],"curies":[{"name":"wp","href":"https:\/\/api.w.org\/{rel}","templated":true}]}}