{"id":35992,"date":"2025-11-06T15:31:14","date_gmt":"2025-11-06T20:31:14","guid":{"rendered":"https:\/\/ister.edu.ec\/?p=35992"},"modified":"2026-01-28T12:13:36","modified_gmt":"2026-01-28T17:13:36","slug":"convenio-con-el-seguro-social-campesino","status":"publish","type":"post","link":"https:\/\/ister.edu.ec\/en\/convenio-con-el-seguro-social-campesino\/","title":{"rendered":"Convenio con el Seguro Social Campesino"},"content":{"rendered":"\t\t<div data-elementor-type=\"wp-post\" data-elementor-id=\"35992\" class=\"elementor elementor-35992\" data-elementor-post-type=\"post\">\n\t\t\t\t<div class=\"elementor-element elementor-element-527fa78 e-flex e-con-boxed e-con e-parent\" data-id=\"527fa78\" data-element_type=\"container\" data-e-type=\"container\" data-settings=\"{&quot;background_background&quot;:&quot;classic&quot;}\">\n\t\t\t\t\t<div class=\"e-con-inner\">\n\t\t<div class=\"elementor-element elementor-element-325210f e-con-full e-flex e-con e-child\" data-id=\"325210f\" data-element_type=\"container\" data-e-type=\"container\" data-settings=\"{&quot;background_background&quot;:&quot;classic&quot;}\">\n\t\t\t\t<div class=\"elementor-element elementor-element-2a3bc09 elementor-widget elementor-widget-heading\" data-id=\"2a3bc09\" data-element_type=\"widget\" data-e-type=\"widget\" data-widget_type=\"heading.default\">\n\t\t\t\t<div class=\"elementor-widget-container\">\n\t\t\t\t\t<h2 class=\"elementor-heading-title elementor-size-default\">Convenio entre el Universitario Rumi\u00f1ahui y el Seguro Social Campesino impulsa la formaci\u00f3n en comunidades rurales<\/h2>\t\t\t\t<\/div>\n\t\t\t\t<\/div>\n\t\t\t\t<\/div>\n\t\t<div class=\"elementor-element elementor-element-34a64e5 elementor-hidden-tablet elementor-hidden-phone e-con-full e-flex e-con e-child\" data-id=\"34a64e5\" data-element_type=\"container\" data-e-type=\"container\">\n\t\t\t\t<\/div>\n\t\t\t\t\t<\/div>\n\t\t\t\t<\/div>\n\t\t<div class=\"elementor-element elementor-element-09873e6 e-flex e-con-boxed e-con e-parent\" data-id=\"09873e6\" data-element_type=\"container\" data-e-type=\"container\">\n\t\t\t\t\t<div class=\"e-con-inner\">\n\t\t<div class=\"elementor-element elementor-element-09150a1 e-con-full e-flex e-con e-child\" data-id=\"09150a1\" data-element_type=\"container\" data-e-type=\"container\">\n\t\t\t\t<div class=\"elementor-element elementor-element-d78f03a elementor-widget elementor-widget-image\" data-id=\"d78f03a\" data-element_type=\"widget\" data-e-type=\"widget\" data-widget_type=\"image.default\">\n\t\t\t\t<div class=\"elementor-widget-container\">\n\t\t\t\t\t\t\t\t\t\t\t\t\t\t\t<img fetchpriority=\"high\" decoding=\"async\" width=\"800\" height=\"372\" src=\"https:\/\/ister.edu.ec\/wp-content\/uploads\/convenio-universitario-ruminahui-seguro-social-campesino-1024x476.webp\" class=\"attachment-large size-large wp-image-36010\" alt=\"\" srcset=\"https:\/\/ister.edu.ec\/wp-content\/uploads\/convenio-universitario-ruminahui-seguro-social-campesino-1024x476.webp 1024w, https:\/\/ister.edu.ec\/wp-content\/uploads\/convenio-universitario-ruminahui-seguro-social-campesino-300x140.webp 300w, https:\/\/ister.edu.ec\/wp-content\/uploads\/convenio-universitario-ruminahui-seguro-social-campesino-768x357.webp 768w, https:\/\/ister.edu.ec\/wp-content\/uploads\/convenio-universitario-ruminahui-seguro-social-campesino.webp 1440w\" sizes=\"(max-width: 800px) 100vw, 800px\" title=\"convenio-universitario-ruminahui-seguro-social-campesino - Tecnol\u00f3gico Universitario Rumi\u00f1ahui\" \/>\t\t\t\t\t\t\t\t\t\t\t\t\t\t\t<\/div>\n\t\t\t\t<\/div>\n\t\t\t\t<div class=\"elementor-element elementor-element-fa9aca4 elementor-widget elementor-widget-text-editor\" data-id=\"fa9aca4\" data-element_type=\"widget\" data-e-type=\"widget\" data-widget_type=\"text-editor.default\">\n\t\t\t\t<div class=\"elementor-widget-container\">\n\t\t\t\t\t\t\t\t\t<p data-start=\"314\" data-end=\"587\">El <strong data-start=\"317\" data-end=\"344\">Universitario Rumi\u00f1ahui<\/strong>, reconocido como <em data-start=\"362\" data-end=\"394\">el mejor instituto del Ecuador<\/em>, ha firmado un importante <strong data-start=\"421\" data-end=\"479\">convenio de cooperaci\u00f3n con el Seguro Social Campesino<\/strong>, con el prop\u00f3sito de fortalecer la profesionalizaci\u00f3n y capacitaci\u00f3n en las comunidades rurales del pa\u00eds.<\/p><p data-start=\"589\" data-end=\"779\">Gracias a este acuerdo, los <strong data-start=\"617\" data-end=\"658\">afiliados del Seguro Social Campesino<\/strong> podr\u00e1n acceder a programas de <strong data-start=\"689\" data-end=\"723\">formaci\u00f3n y educaci\u00f3n continua<\/strong> en \u00e1reas relacionadas con las carreras del instituto.<\/p><p data-start=\"781\" data-end=\"1038\">Asimismo, los <strong data-start=\"795\" data-end=\"838\">estudiantes del Universitario Rumi\u00f1ahui<\/strong> tendr\u00e1n la oportunidad de realizar <strong data-start=\"874\" data-end=\"904\">pr\u00e1cticas preprofesionales<\/strong> en los dispensarios m\u00e9dicos del Seguro Social Campesino a nivel nacional, promoviendo el aprendizaje aplicado y el servicio social.<\/p>\t\t\t\t\t\t\t\t<\/div>\n\t\t\t\t<\/div>\n\t\t\t\t<div class=\"elementor-element elementor-element-7848c6c elementor-arrows-position-outside elementor-widget elementor-widget-image-carousel\" data-id=\"7848c6c\" data-element_type=\"widget\" data-e-type=\"widget\" data-settings=\"{&quot;slides_to_show&quot;:&quot;3&quot;,&quot;navigation&quot;:&quot;arrows&quot;,&quot;autoplay_speed&quot;:0,&quot;speed&quot;:8000,&quot;image_spacing_custom&quot;:{&quot;unit&quot;:&quot;px&quot;,&quot;size&quot;:23,&quot;sizes&quot;:[]},&quot;autoplay&quot;:&quot;yes&quot;,&quot;pause_on_hover&quot;:&quot;yes&quot;,&quot;pause_on_interaction&quot;:&quot;yes&quot;,&quot;infinite&quot;:&quot;yes&quot;,&quot;image_spacing_custom_tablet&quot;:{&quot;unit&quot;:&quot;px&quot;,&quot;size&quot;:&quot;&quot;,&quot;sizes&quot;:[]},&quot;image_spacing_custom_mobile&quot;:{&quot;unit&quot;:&quot;px&quot;,&quot;size&quot;:&quot;&quot;,&quot;sizes&quot;:[]}}\" data-widget_type=\"image-carousel.default\">\n\t\t\t\t<div class=\"elementor-widget-container\">\n\t\t\t\t\t\t\t<div class=\"elementor-image-carousel-wrapper swiper\" role=\"region\" aria-roledescription=\"carousel\" aria-label=\"Carrusel de im\u00e1genes\" dir=\"ltr\">\n\t\t\t<div class=\"elementor-image-carousel swiper-wrapper\" aria-live=\"off\">\n\t\t\t\t\t\t\t\t<div class=\"swiper-slide\" role=\"group\" aria-roledescription=\"slide\" aria-label=\"1 of 8\"><figure class=\"swiper-slide-inner\"><img decoding=\"async\" class=\"swiper-slide-image\" src=\"https:\/\/ister.edu.ec\/wp-content\/uploads\/convenio-ruminahui-seguro-social-campesino.webp\" alt=\"La rectora Carmita Su\u00e1rez y la directora Giovanna Ubidia durante la firma del convenio entre el Universitario Rumi\u00f1ahui y el Seguro Social Campesino.\" \/><\/figure><\/div><div class=\"swiper-slide\" role=\"group\" aria-roledescription=\"slide\" aria-label=\"2 of 8\"><figure class=\"swiper-slide-inner\"><img decoding=\"async\" class=\"swiper-slide-image\" src=\"https:\/\/ister.edu.ec\/wp-content\/uploads\/estudiantes-ruminahui-participacion-convenio-seguro-social.webp\" alt=\"Estudiantes del Universitario Rumi\u00f1ahui participan en la ceremonia del convenio con el Seguro Social Campesino.\" \/><\/figure><\/div><div class=\"swiper-slide\" role=\"group\" aria-roledescription=\"slide\" aria-label=\"3 of 8\"><figure class=\"swiper-slide-inner\"><img decoding=\"async\" class=\"swiper-slide-image\" src=\"https:\/\/ister.edu.ec\/wp-content\/uploads\/discurso-carmita-suarez-convenio-seguro-social-ruminahui.webp\" alt=\"La rectora Carmita Su\u00e1rez destaca el compromiso social del Universitario Rumi\u00f1ahui durante la firma del convenio con el Seguro Social Campesino.\" \/><\/figure><\/div><div class=\"swiper-slide\" role=\"group\" aria-roledescription=\"slide\" aria-label=\"4 of 8\"><figure class=\"swiper-slide-inner\"><img decoding=\"async\" class=\"swiper-slide-image\" src=\"https:\/\/ister.edu.ec\/wp-content\/uploads\/foto-grupal-convenio-ruminahui-seguro-social-campesino.webp\" alt=\"Fotograf\u00eda grupal de autoridades del Universitario Rumi\u00f1ahui y del Seguro Social Campesino tras la firma del convenio.\" \/><\/figure><\/div><div class=\"swiper-slide\" role=\"group\" aria-roledescription=\"slide\" aria-label=\"5 of 8\"><figure class=\"swiper-slide-inner\"><img decoding=\"async\" class=\"swiper-slide-image\" src=\"https:\/\/ister.edu.ec\/wp-content\/uploads\/intercambio-documentos-convenio-ruminahui-seguro-social.webp\" alt=\"Autoridades del Universitario Rumi\u00f1ahui y del Seguro Social Campesino en la firma del convenio institucional.\" \/><\/figure><\/div><div class=\"swiper-slide\" role=\"group\" aria-roledescription=\"slide\" aria-label=\"6 of 8\"><figure class=\"swiper-slide-inner\"><img decoding=\"async\" class=\"swiper-slide-image\" src=\"https:\/\/ister.edu.ec\/wp-content\/uploads\/autoridades-evento-convenio-ruminahui-seguro-social-campesino.webp\" alt=\"Autoridades del Universitario Rumi\u00f1ahui y del Seguro Social Campesino en la firma del convenio institucional.\" \/><\/figure><\/div><div class=\"swiper-slide\" role=\"group\" aria-roledescription=\"slide\" aria-label=\"7 of 8\"><figure class=\"swiper-slide-inner\"><img decoding=\"async\" class=\"swiper-slide-image\" src=\"https:\/\/ister.edu.ec\/wp-content\/uploads\/carmita-suarez-giovanna-ubidia-firma-convenio-ruminahui.webp\" alt=\"Firma del convenio entre el Universitario Rumi\u00f1ahui y el Seguro Social Campesino para fortalecer la educaci\u00f3n rural en Ecuador.\" \/><\/figure><\/div><div class=\"swiper-slide\" role=\"group\" aria-roledescription=\"slide\" aria-label=\"8 of 8\"><figure class=\"swiper-slide-inner\"><img decoding=\"async\" class=\"swiper-slide-image\" src=\"https:\/\/ister.edu.ec\/wp-content\/uploads\/firma-convenio-universitario-ruminahui-seguro-social-campesino.webp\" alt=\"La rectora Carmita Su\u00e1rez y la directora Giovanna Ubidia durante la firma del convenio entre el Universitario Rumi\u00f1ahui y el Seguro Social Campesino.\" \/><\/figure><\/div>\t\t\t<\/div>\n\t\t\t\t\t\t\t\t\t\t\t\t<div class=\"elementor-swiper-button elementor-swiper-button-prev\" role=\"button\" tabindex=\"0\">\n\t\t\t\t\t\t<svg aria-hidden=\"true\" class=\"e-font-icon-svg e-eicon-chevron-left\" viewBox=\"0 0 1000 1000\" xmlns=\"http:\/\/www.w3.org\/2000\/svg\"><path d=\"M646 125C629 125 613 133 604 142L308 442C296 454 292 471 292 487 292 504 296 521 308 533L604 854C617 867 629 875 646 875 663 875 679 871 692 858 704 846 713 829 713 812 713 796 708 779 692 767L438 487 692 225C700 217 708 204 708 187 708 171 704 154 692 142 675 129 663 125 646 125Z\"><\/path><\/svg>\t\t\t\t\t<\/div>\n\t\t\t\t\t<div class=\"elementor-swiper-button elementor-swiper-button-next\" role=\"button\" tabindex=\"0\">\n\t\t\t\t\t\t<svg aria-hidden=\"true\" class=\"e-font-icon-svg e-eicon-chevron-right\" viewBox=\"0 0 1000 1000\" xmlns=\"http:\/\/www.w3.org\/2000\/svg\"><path d=\"M696 533C708 521 713 504 713 487 713 471 708 454 696 446L400 146C388 133 375 125 354 125 338 125 325 129 313 142 300 154 292 171 292 187 292 204 296 221 308 233L563 492 304 771C292 783 288 800 288 817 288 833 296 850 308 863 321 871 338 875 354 875 371 875 388 867 400 854L696 533Z\"><\/path><\/svg>\t\t\t\t\t<\/div>\n\t\t\t\t\n\t\t\t\t\t\t\t\t\t<\/div>\n\t\t\t\t\t\t<\/div>\n\t\t\t\t<\/div>\n\t\t\t\t<div class=\"elementor-element elementor-element-d43bfe9 elementor-widget elementor-widget-text-editor\" data-id=\"d43bfe9\" data-element_type=\"widget\" data-e-type=\"widget\" data-widget_type=\"text-editor.default\">\n\t\t\t\t<div class=\"elementor-widget-container\">\n\t\t\t\t\t\t\t\t\t<p data-start=\"1040\" data-end=\"1216\">La firma del convenio estuvo a cargo de la <strong data-start=\"1083\" data-end=\"1107\">Mgs. Giovanna Ubidia<\/strong>, directora del Seguro Social Campesino, y la <strong data-start=\"1153\" data-end=\"1176\">Dra. Carmita Su\u00e1rez<\/strong>, rectora del Universitario Rumi\u00f1ahui.<\/p><p data-start=\"1218\" data-end=\"1371\">Este acuerdo representa un <strong data-start=\"1245\" data-end=\"1285\">v\u00ednculo entre el campo y la academia<\/strong>, impulsando la <strong data-start=\"1301\" data-end=\"1359\">capacitaci\u00f3n, la innovaci\u00f3n y el desarrollo sostenible<\/strong> del pa\u00eds.<\/p><p data-start=\"1373\" data-end=\"1581\">Con este paso, el <strong data-start=\"1391\" data-end=\"1460\">Universitario Rumi\u00f1ahui reafirma su compromiso social y educativo<\/strong>, trabajando por el bienestar de las comunidades rurales y creando m\u00e1s oportunidades de crecimiento para sus estudiantes.<\/p>\t\t\t\t\t\t\t\t<\/div>\n\t\t\t\t<\/div>\n\t\t\t\t<div class=\"elementor-element elementor-element-9e99706 elementor-widget-divider--view-line elementor-widget elementor-widget-divider\" data-id=\"9e99706\" data-element_type=\"widget\" data-e-type=\"widget\" data-widget_type=\"divider.default\">\n\t\t\t\t<div class=\"elementor-widget-container\">\n\t\t\t\t\t\t\t<div class=\"elementor-divider\">\n\t\t\t<span class=\"elementor-divider-separator\">\n\t\t\t\t\t\t<\/span>\n\t\t<\/div>\n\t\t\t\t\t\t<\/div>\n\t\t\t\t<\/div>\n\t\t\t\t<div class=\"elementor-element elementor-element-15be04b elementor-align-center elementor-widget elementor-widget-button\" data-id=\"15be04b\" data-element_type=\"widget\" data-e-type=\"widget\" data-widget_type=\"button.default\">\n\t\t\t\t<div class=\"elementor-widget-container\">\n\t\t\t\t\t\t\t\t\t<div class=\"elementor-button-wrapper\">\n\t\t\t\t\t<a class=\"elementor-button elementor-button-link elementor-size-sm\" href=\"https:\/\/ister.edu.ec\/wp-content\/uploads\/convenio-universitario-ruminahui-seguro-social-campesino-educacion-rural.pdf\">\n\t\t\t\t\t\t<span class=\"elementor-button-content-wrapper\">\n\t\t\t\t\t\t<span class=\"elementor-button-icon\">\n\t\t\t\t<svg aria-hidden=\"true\" class=\"e-font-icon-svg e-fas-file-pdf\" viewBox=\"0 0 384 512\" xmlns=\"http:\/\/www.w3.org\/2000\/svg\"><path d=\"M181.9 256.1c-5-16-4.9-46.9-2-46.9 8.4 0 7.6 36.9 2 46.9zm-1.7 47.2c-7.7 20.2-17.3 43.3-28.4 62.7 18.3-7 39-17.2 62.9-21.9-12.7-9.6-24.9-23.4-34.5-40.8zM86.1 428.1c0 .8 13.2-5.4 34.9-40.2-6.7 6.3-29.1 24.5-34.9 40.2zM248 160h136v328c0 13.3-10.7 24-24 24H24c-13.3 0-24-10.7-24-24V24C0 10.7 10.7 0 24 0h200v136c0 13.2 10.8 24 24 24zm-8 171.8c-20-12.2-33.3-29-42.7-53.8 4.5-18.5 11.6-46.6 6.2-64.2-4.7-29.4-42.4-26.5-47.8-6.8-5 18.3-.4 44.1 8.1 77-11.6 27.6-28.7 64.6-40.8 85.8-.1 0-.1.1-.2.1-27.1 13.9-73.6 44.5-54.5 68 5.6 6.9 16 10 21.5 10 17.9 0 35.7-18 61.1-61.8 25.8-8.5 54.1-19.1 79-23.2 21.7 11.8 47.1 19.5 64 19.5 29.2 0 31.2-32 19.7-43.4-13.9-13.6-54.3-9.7-73.6-7.2zM377 105L279 7c-4.5-4.5-10.6-7-17-7h-6v128h128v-6.1c0-6.3-2.5-12.4-7-16.9zm-74.1 255.3c4.1-2.7-2.5-11.9-42.8-9 37.1 15.8 42.8 9 42.8 9z\"><\/path><\/svg>\t\t\t<\/span>\n\t\t\t\t\t\t\t\t\t<span class=\"elementor-button-text\">DESCARGAR EL BOLET\u00cdN AQU\u00cd<\/span>\n\t\t\t\t\t<\/span>\n\t\t\t\t\t<\/a>\n\t\t\t\t<\/div>\n\t\t\t\t\t\t\t\t<\/div>\n\t\t\t\t<\/div>\n\t\t\t\t<div class=\"elementor-element elementor-element-46fd539 elementor-widget-divider--view-line elementor-widget elementor-widget-divider\" data-id=\"46fd539\" data-element_type=\"widget\" data-e-type=\"widget\" data-widget_type=\"divider.default\">\n\t\t\t\t<div class=\"elementor-widget-container\">\n\t\t\t\t\t\t\t<div class=\"elementor-divider\">\n\t\t\t<span class=\"elementor-divider-separator\">\n\t\t\t\t\t\t<\/span>\n\t\t<\/div>\n\t\t\t\t\t\t<\/div>\n\t\t\t\t<\/div>\n\t\t\t\t<div class=\"elementor-element elementor-element-6332fc6 elementor-widget elementor-widget-heading\" data-id=\"6332fc6\" data-element_type=\"widget\" data-e-type=\"widget\" data-widget_type=\"heading.default\">\n\t\t\t\t<div class=\"elementor-widget-container\">\n\t\t\t\t\t<h2 class=\"elementor-heading-title elementor-size-default\">Preguntas frecuentes sobre el convenio <\/h2>\t\t\t\t<\/div>\n\t\t\t\t<\/div>\n\t\t\t\t<div class=\"elementor-element elementor-element-f8bcc3b elementor-widget elementor-widget-elementskit-faq\" data-id=\"f8bcc3b\" data-element_type=\"widget\" data-e-type=\"widget\" data-widget_type=\"elementskit-faq.default\">\n\t\t\t\t<div class=\"elementor-widget-container\">\n\t\t\t\t\t<div class=\"ekit-wid-con\" >\n                <div class=\"elementskit-single-faq elementor-repeater-item-f998209\">\n            <div class=\"elementskit-faq-header\">\n                <h2 class=\"elementskit-faq-title\">1. \u00bfQu\u00e9 busca el convenio entre el Universitario Rumi\u00f1ahui y el Seguro Social Campesino?<\/h2>\n            <\/div>\n            <div class=\"elementskit-faq-body\">\n                El acuerdo busca fortalecer la formaci\u00f3n t\u00e9cnica y profesional de los afiliados del Seguro Social Campesino y ofrecer oportunidades de pr\u00e1cticas a los estudiantes del instituto.            <\/div>\n        <\/div>\n                <div class=\"elementskit-single-faq elementor-repeater-item-8143a90\">\n            <div class=\"elementskit-faq-header\">\n                <h2 class=\"elementskit-faq-title\">2. \u00bfQui\u00e9nes pueden beneficiarse de este convenio?<\/h2>\n            <\/div>\n            <div class=\"elementskit-faq-body\">\n                Los principales beneficiarios son los afiliados al Seguro Social Campesino y los estudiantes del Universitario Rumi\u00f1ahui.            <\/div>\n        <\/div>\n                <div class=\"elementskit-single-faq elementor-repeater-item-bf24bd8\">\n            <div class=\"elementskit-faq-header\">\n                <h2 class=\"elementskit-faq-title\">3. \u00bfQu\u00e9 tipo de programas se ofrecer\u00e1n?<\/h2>\n            <\/div>\n            <div class=\"elementskit-faq-body\">\n                Se ofrecer\u00e1n programas de capacitaci\u00f3n, formaci\u00f3n continua y cursos t\u00e9cnicos en \u00e1reas vinculadas a la salud, administraci\u00f3n, educaci\u00f3n y desarrollo comunitario.            <\/div>\n        <\/div>\n                <div class=\"elementskit-single-faq elementor-repeater-item-b8094da\">\n            <div class=\"elementskit-faq-header\">\n                <h2 class=\"elementskit-faq-title\">4. \u00bfD\u00f3nde podr\u00e1n realizar sus pr\u00e1cticas los estudiantes?<\/h2>\n            <\/div>\n            <div class=\"elementskit-faq-body\">\n                En los dispensarios m\u00e9dicos del Seguro Social Campesino distribuidos a nivel nacional.            <\/div>\n        <\/div>\n                <div class=\"elementskit-single-faq elementor-repeater-item-ef3c693\">\n            <div class=\"elementskit-faq-header\">\n                <h2 class=\"elementskit-faq-title\">5. \u00bfCu\u00e1l es el impacto de este convenio en las comunidades rurales?<\/h2>\n            <\/div>\n            <div class=\"elementskit-faq-body\">\n                El convenio contribuir\u00e1 a mejorar las capacidades t\u00e9cnicas de los trabajadores rurales y fomentar\u00e1 el desarrollo sostenible mediante la educaci\u00f3n.            <\/div>\n        <\/div>\n                \n    <\/div>\t\t\t\t<\/div>\n\t\t\t\t<\/div>\n\t\t\t\t<div class=\"elementor-element elementor-element-f6341ed elementor-widget elementor-widget-html\" data-id=\"f6341ed\" data-element_type=\"widget\" data-e-type=\"widget\" data-widget_type=\"html.default\">\n\t\t\t\t<div class=\"elementor-widget-container\">\n\t\t\t\t\t<script type=\"application\/ld+json\">\r\n{\r\n  \"@context\": \"https:\/\/schema.org\",\r\n  \"@type\": \"FAQPage\",\r\n  \"mainEntity\": [\r\n    {\r\n      \"@type\": \"Question\",\r\n      \"name\": \"\u00bfQu\u00e9 busca el convenio entre el Universitario Rumi\u00f1ahui y el Seguro Social Campesino?\",\r\n      \"acceptedAnswer\": {\r\n        \"@type\": \"Answer\",\r\n        \"text\": \"El acuerdo busca fortalecer la formaci\u00f3n t\u00e9cnica y profesional de los afiliados del Seguro Social Campesino y ofrecer oportunidades de pr\u00e1cticas a los estudiantes del instituto.\"\r\n      }\r\n    },\r\n    {\r\n      \"@type\": \"Question\",\r\n      \"name\": \"\u00bfQui\u00e9nes pueden beneficiarse de este convenio?\",\r\n      \"acceptedAnswer\": {\r\n        \"@type\": \"Answer\",\r\n        \"text\": \"Los principales beneficiarios son los afiliados al Seguro Social Campesino y los estudiantes del Universitario Rumi\u00f1ahui.\"\r\n      }\r\n    },\r\n    {\r\n      \"@type\": \"Question\",\r\n      \"name\": \"\u00bfQu\u00e9 tipo de programas se ofrecer\u00e1n?\",\r\n      \"acceptedAnswer\": {\r\n        \"@type\": \"Answer\",\r\n        \"text\": \"Se ofrecer\u00e1n programas de capacitaci\u00f3n, formaci\u00f3n continua y cursos t\u00e9cnicos en \u00e1reas vinculadas a la salud, administraci\u00f3n, educaci\u00f3n y desarrollo comunitario.\"\r\n      }\r\n    },\r\n    {\r\n      \"@type\": \"Question\",\r\n      \"name\": \"\u00bfD\u00f3nde podr\u00e1n realizar sus pr\u00e1cticas los estudiantes?\",\r\n      \"acceptedAnswer\": {\r\n        \"@type\": \"Answer\",\r\n        \"text\": \"En los dispensarios m\u00e9dicos del Seguro Social Campesino distribuidos a nivel nacional.\"\r\n      }\r\n    },\r\n    {\r\n      \"@type\": \"Question\",\r\n      \"name\": \"\u00bfCu\u00e1l es el impacto de este convenio en las comunidades rurales?\",\r\n      \"acceptedAnswer\": {\r\n        \"@type\": \"Answer\",\r\n        \"text\": \"El convenio contribuir\u00e1 a mejorar las capacidades t\u00e9cnicas de los trabajadores rurales y fomentar\u00e1 el desarrollo sostenible mediante la educaci\u00f3n.\"\r\n      }\r\n    }\r\n  ]\r\n}\r\n<\/script>\r\n\t\t\t\t<\/div>\n\t\t\t\t<\/div>\n\t\t\t\t<\/div>\n\t\t<div class=\"elementor-element elementor-element-c2214d9 e-con-full e-flex e-con e-child\" data-id=\"c2214d9\" data-element_type=\"container\" data-e-type=\"container\">\n\t\t<div class=\"elementor-element elementor-element-ec45c5b e-con-full e-flex e-con e-child\" data-id=\"ec45c5b\" data-element_type=\"container\" data-e-type=\"container\">\n\t\t<div class=\"elementor-element elementor-element-5467b4f e-con-full e-flex e-con e-child\" data-id=\"5467b4f\" data-element_type=\"container\" data-e-type=\"container\" data-settings=\"{&quot;background_background&quot;:&quot;classic&quot;}\">\n\t\t\t\t<div class=\"elementor-element elementor-element-cc366ce elementor-widget elementor-widget-heading\" data-id=\"cc366ce\" data-element_type=\"widget\" data-e-type=\"widget\" data-widget_type=\"heading.default\">\n\t\t\t\t<div class=\"elementor-widget-container\">\n\t\t\t\t\t<h2 class=\"elementor-heading-title elementor-size-default\">Publicaci\u00f3n relacionada<\/h2>\t\t\t\t<\/div>\n\t\t\t\t<\/div>\n\t\t\t\t<div class=\"elementor-element elementor-element-961b321 elementor-widget elementor-widget-jkit_post_list\" data-id=\"961b321\" data-element_type=\"widget\" data-e-type=\"widget\" data-widget_type=\"jkit_post_list.default\">\n\t\t\t\t<div class=\"elementor-widget-container\">\n\t\t\t\t\t<div  class=\"jeg-elementor-kit jkit-postlist layout-vertical post-element jkit-pagination-disable jeg_module___69f11851a8e18\"  data-id=\"jeg_module___69f11851a8e18\" data-settings=\"{&quot;post_type&quot;:&quot;post&quot;,&quot;number_post&quot;:{&quot;unit&quot;:&quot;px&quot;,&quot;size&quot;:3,&quot;sizes&quot;:[]},&quot;post_offset&quot;:0,&quot;unique_content&quot;:&quot;disable&quot;,&quot;include_post&quot;:&quot;&quot;,&quot;exclude_post&quot;:&quot;&quot;,&quot;include_category&quot;:&quot;&quot;,&quot;exclude_category&quot;:&quot;&quot;,&quot;include_author&quot;:&quot;&quot;,&quot;include_tag&quot;:&quot;&quot;,&quot;exclude_tag&quot;:&quot;&quot;,&quot;r3d_category&quot;:&quot;&quot;,&quot;r3d_author&quot;:&quot;&quot;,&quot;sort_by&quot;:&quot;latest&quot;,&quot;pagination_mode&quot;:&quot;disable&quot;,&quot;pagination_loadmore_text&quot;:&quot;Load More&quot;,&quot;pagination_loading_text&quot;:&quot;Loading...&quot;,&quot;pagination_number_post&quot;:{&quot;unit&quot;:&quot;px&quot;,&quot;size&quot;:3,&quot;sizes&quot;:[]},&quot;pagination_scroll_limit&quot;:0,&quot;pagination_icon&quot;:{&quot;value&quot;:&quot;&quot;,&quot;library&quot;:&quot;&quot;},&quot;pagination_icon_position&quot;:&quot;before&quot;,&quot;sg_content_layout&quot;:&quot;vertical&quot;,&quot;sg_content_image_enable&quot;:&quot;&quot;,&quot;sg_content_background_image_enable&quot;:&quot;&quot;,&quot;sg_content_icon_enable&quot;:&quot;&quot;,&quot;sg_content_icon&quot;:{&quot;value&quot;:&quot;fas fa-circle&quot;,&quot;library&quot;:&quot;fa-solid&quot;},&quot;sg_content_meta_enable&quot;:&quot;yes&quot;,&quot;sg_content_meta_date_enable&quot;:&quot;yes&quot;,&quot;sg_content_meta_date_type&quot;:&quot;published&quot;,&quot;sg_content_meta_date_format&quot;:&quot;default&quot;,&quot;sg_content_meta_date_format_custom&quot;:&quot;F j, Y&quot;,&quot;sg_content_meta_date_icon&quot;:{&quot;value&quot;:&quot;fas fa-clock&quot;,&quot;library&quot;:&quot;fa-solid&quot;},&quot;sg_content_meta_category_enable&quot;:&quot;&quot;,&quot;sg_content_meta_category_icon&quot;:{&quot;value&quot;:&quot;fas fa-tag&quot;,&quot;library&quot;:&quot;fa-solid&quot;},&quot;sg_content_meta_position&quot;:&quot;bottom&quot;,&quot;sg_content_image_size_imagesize_size&quot;:&quot;full&quot;,&quot;paged&quot;:1,&quot;class&quot;:&quot;jkit_post_list&quot;}\"><div class=\"jkit-block-container\"><div class=\"jkit-posts jkit-ajax-flag\">\n            <article class=\"jkit-post post-list-item\">\n                <a href=\"https:\/\/ister.edu.ec\/en\/programa-contigo-mujer\/\" >\n                    \n                    <div class=\"jkit-postlist-content\"><span class=\"jkit-postlist-title\">Programa Contigo Mujer<\/span><div class=\"meta-lists\"><span class=\"meta-date\"><svg aria-hidden=\"true\" class=\"e-font-icon-svg e-fas-clock\" viewBox=\"0 0 512 512\" xmlns=\"http:\/\/www.w3.org\/2000\/svg\"><path d=\"M256,8C119,8,8,119,8,256S119,504,256,504,504,393,504,256,393,8,256,8Zm92.49,313h0l-20,25a16,16,0,0,1-22.49,2.5h0l-67-49.72a40,40,0,0,1-15-31.23V112a16,16,0,0,1,16-16h32a16,16,0,0,1,16,16V256l58,42.5A16,16,0,0,1,348.49,321Z\"><\/path><\/svg>1 de April de 2026<\/span> <\/div><\/div>\n                <\/a>\n            <\/article><article class=\"jkit-post post-list-item\">\n                <a href=\"https:\/\/ister.edu.ec\/en\/curso-internacional-de-emergencias-medicas\/\" >\n                    \n                    <div class=\"jkit-postlist-content\"><span class=\"jkit-postlist-title\">Curso Internacional de Emergencias M\u00e9dicas<\/span><div class=\"meta-lists\"><span class=\"meta-date\"><svg aria-hidden=\"true\" class=\"e-font-icon-svg e-fas-clock\" viewBox=\"0 0 512 512\" xmlns=\"http:\/\/www.w3.org\/2000\/svg\"><path d=\"M256,8C119,8,8,119,8,256S119,504,256,504,504,393,504,256,393,8,256,8Zm92.49,313h0l-20,25a16,16,0,0,1-22.49,2.5h0l-67-49.72a40,40,0,0,1-15-31.23V112a16,16,0,0,1,16-16h32a16,16,0,0,1,16,16V256l58,42.5A16,16,0,0,1,348.49,321Z\"><\/path><\/svg>10 de February de 2026<\/span> <\/div><\/div>\n                <\/a>\n            <\/article><article class=\"jkit-post post-list-item\">\n                <a href=\"https:\/\/ister.edu.ec\/en\/curso-internacional-de-enfermeria\/\" >\n                    \n                    <div class=\"jkit-postlist-content\"><span class=\"jkit-postlist-title\">Curso internacional de enfermer\u00eda<\/span><div class=\"meta-lists\"><span class=\"meta-date\"><svg aria-hidden=\"true\" class=\"e-font-icon-svg e-fas-clock\" viewBox=\"0 0 512 512\" xmlns=\"http:\/\/www.w3.org\/2000\/svg\"><path d=\"M256,8C119,8,8,119,8,256S119,504,256,504,504,393,504,256,393,8,256,8Zm92.49,313h0l-20,25a16,16,0,0,1-22.49,2.5h0l-67-49.72a40,40,0,0,1-15-31.23V112a16,16,0,0,1,16-16h32a16,16,0,0,1,16,16V256l58,42.5A16,16,0,0,1,348.49,321Z\"><\/path><\/svg>10 de February de 2026<\/span> <\/div><\/div>\n                <\/a>\n            <\/article>\n        <\/div><\/div><\/div>\t\t\t\t<\/div>\n\t\t\t\t<\/div>\n\t\t\t\t<\/div>\n\t\t\t\t<\/div>\n\t\t<div class=\"elementor-element elementor-element-b18703d e-con-full e-flex e-con e-child\" data-id=\"b18703d\" data-element_type=\"container\" data-e-type=\"container\" data-settings=\"{&quot;background_background&quot;:&quot;classic&quot;}\">\n\t\t<div class=\"elementor-element elementor-element-3dcbde3 e-con-full e-flex e-con e-child\" data-id=\"3dcbde3\" data-element_type=\"container\" data-e-type=\"container\" data-settings=\"{&quot;background_background&quot;:&quot;classic&quot;}\">\n\t\t\t\t<div class=\"elementor-element elementor-element-d4015eb elementor-widget elementor-widget-image\" data-id=\"d4015eb\" data-element_type=\"widget\" data-e-type=\"widget\" data-widget_type=\"image.default\">\n\t\t\t\t<div class=\"elementor-widget-container\">\n\t\t\t\t\t\t\t\t\t\t\t\t\t\t\t<img decoding=\"async\" width=\"1600\" height=\"739\" src=\"https:\/\/ister.edu.ec\/wp-content\/uploads\/WhatsApp-Image-2023-06-13-at-11.53.56-AM.jpeg\" class=\"attachment-full size-full wp-image-9152\" alt=\"\" srcset=\"https:\/\/ister.edu.ec\/wp-content\/uploads\/WhatsApp-Image-2023-06-13-at-11.53.56-AM.jpeg 1600w, https:\/\/ister.edu.ec\/wp-content\/uploads\/WhatsApp-Image-2023-06-13-at-11.53.56-AM-300x139.jpeg 300w, https:\/\/ister.edu.ec\/wp-content\/uploads\/WhatsApp-Image-2023-06-13-at-11.53.56-AM-1024x473.jpeg 1024w, https:\/\/ister.edu.ec\/wp-content\/uploads\/WhatsApp-Image-2023-06-13-at-11.53.56-AM-768x355.jpeg 768w, https:\/\/ister.edu.ec\/wp-content\/uploads\/WhatsApp-Image-2023-06-13-at-11.53.56-AM-1536x709.jpeg 1536w\" sizes=\"(max-width: 1600px) 100vw, 1600px\" title=\"WhatsApp Image 2023-06-13 at 11.53.56 AM - Tecnol\u00f3gico Universitario Rumi\u00f1ahui\" \/>\t\t\t\t\t\t\t\t\t\t\t\t\t\t\t<\/div>\n\t\t\t\t<\/div>\n\t\t<div class=\"elementor-element elementor-element-128533f e-con-full e-flex e-con e-child\" data-id=\"128533f\" data-element_type=\"container\" data-e-type=\"container\">\n\t\t<div class=\"elementor-element elementor-element-81b2ea8 e-con-full e-flex e-con e-child\" data-id=\"81b2ea8\" data-element_type=\"container\" data-e-type=\"container\">\n\t\t\t\t<div class=\"elementor-element elementor-element-a6a69e6 elementor-widget elementor-widget-heading\" data-id=\"a6a69e6\" data-element_type=\"widget\" data-e-type=\"widget\" data-widget_type=\"heading.default\">\n\t\t\t\t<div class=\"elementor-widget-container\">\n\t\t\t\t\t<h2 class=\"elementor-heading-title elementor-size-default\">CONECTA CON NOSOTROS<\/h2>\t\t\t\t<\/div>\n\t\t\t\t<\/div>\n\t\t\t\t<div class=\"elementor-element elementor-element-ab2b0f1 elementor-widget elementor-widget-text-editor\" data-id=\"ab2b0f1\" data-element_type=\"widget\" data-e-type=\"widget\" data-widget_type=\"text-editor.default\">\n\t\t\t\t<div class=\"elementor-widget-container\">\n\t\t\t\t\t\t\t\t\t<p>\u00a1En cualquiera de nuestros espacios, estaremos con toda la inmediatez y disposici\u00f3n de ayudarte en tu siguiente reto acad\u00e9mico!<\/p>\t\t\t\t\t\t\t\t<\/div>\n\t\t\t\t<\/div>\n\t\t<div class=\"elementor-element elementor-element-a373775 e-con-full e-flex e-con e-child\" data-id=\"a373775\" data-element_type=\"container\" data-e-type=\"container\">\n\t\t<div class=\"elementor-element elementor-element-3f0f4a6 e-con-full e-flex e-con e-child\" data-id=\"3f0f4a6\" data-element_type=\"container\" data-e-type=\"container\">\n\t\t\t\t<div class=\"elementor-element elementor-element-984a4c0 elementor-align-start elementor-icon-list--layout-traditional elementor-list-item-link-full_width elementor-widget elementor-widget-icon-list\" data-id=\"984a4c0\" data-element_type=\"widget\" data-e-type=\"widget\" data-widget_type=\"icon-list.default\">\n\t\t\t\t<div class=\"elementor-widget-container\">\n\t\t\t\t\t\t\t<ul class=\"elementor-icon-list-items\">\n\t\t\t\t\t\t\t<li class=\"elementor-icon-list-item\">\n\t\t\t\t\t\t\t\t\t\t<span class=\"elementor-icon-list-text\">Av. Atahualpa 1701 y 8 de Febrero.<\/span>\n\t\t\t\t\t\t\t\t\t<\/li>\n\t\t\t\t\t\t\t\t<li class=\"elementor-icon-list-item\">\n\t\t\t\t\t\t\t\t\t\t<span class=\"elementor-icon-list-text\">Telf.: (02) 352-4576<\/span>\n\t\t\t\t\t\t\t\t\t<\/li>\n\t\t\t\t\t\t\t\t<li class=\"elementor-icon-list-item\">\n\t\t\t\t\t\t\t\t\t\t<span class=\"elementor-icon-list-text\">Telf.: (02) 233-1628<\/span>\n\t\t\t\t\t\t\t\t\t<\/li>\n\t\t\t\t\t\t<\/ul>\n\t\t\t\t\t\t<\/div>\n\t\t\t\t<\/div>\n\t\t\t\t<div class=\"elementor-element elementor-element-4b35add elementor-align-start elementor-icon-list--layout-traditional elementor-list-item-link-full_width elementor-widget elementor-widget-icon-list\" data-id=\"4b35add\" data-element_type=\"widget\" data-e-type=\"widget\" data-widget_type=\"icon-list.default\">\n\t\t\t\t<div class=\"elementor-widget-container\">\n\t\t\t\t\t\t\t<ul class=\"elementor-icon-list-items\">\n\t\t\t\t\t\t\t<li class=\"elementor-icon-list-item\">\n\t\t\t\t\t\t\t\t\t\t<span class=\"elementor-icon-list-text\">Email: info@ister.edu.ec<\/span>\n\t\t\t\t\t\t\t\t\t<\/li>\n\t\t\t\t\t\t<\/ul>\n\t\t\t\t\t\t<\/div>\n\t\t\t\t<\/div>\n\t\t\t\t<\/div>\n\t\t\t\t<\/div>\n\t\t\t\t<div class=\"elementor-element elementor-element-1887a59 elementor-widget-divider--view-line elementor-widget elementor-widget-divider\" data-id=\"1887a59\" data-element_type=\"widget\" data-e-type=\"widget\" data-widget_type=\"divider.default\">\n\t\t\t\t<div class=\"elementor-widget-container\">\n\t\t\t\t\t\t\t<div class=\"elementor-divider\">\n\t\t\t<span class=\"elementor-divider-separator\">\n\t\t\t\t\t\t<\/span>\n\t\t<\/div>\n\t\t\t\t\t\t<\/div>\n\t\t\t\t<\/div>\n\t\t\t\t<div class=\"elementor-element elementor-element-2ebba4f elementor-widget elementor-widget-heading\" data-id=\"2ebba4f\" data-element_type=\"widget\" data-e-type=\"widget\" data-widget_type=\"heading.default\">\n\t\t\t\t<div class=\"elementor-widget-container\">\n\t\t\t\t\t<h2 class=\"elementor-heading-title elementor-size-default\">Social Media<\/h2>\t\t\t\t<\/div>\n\t\t\t\t<\/div>\n\t\t\t\t<div class=\"elementor-element elementor-element-0d8e587 elementor-widget elementor-widget-text-editor\" data-id=\"0d8e587\" data-element_type=\"widget\" data-e-type=\"widget\" data-widget_type=\"text-editor.default\">\n\t\t\t\t<div class=\"elementor-widget-container\">\n\t\t\t\t\t\t\t\t\t<p>\u00a1S\u00e9 parte de nuestra comunidad!<\/p>\t\t\t\t\t\t\t\t<\/div>\n\t\t\t\t<\/div>\n\t\t\t\t<div class=\"elementor-element elementor-element-00eb644 elementor-widget elementor-widget-elementskit-social-media\" data-id=\"00eb644\" data-element_type=\"widget\" data-e-type=\"widget\" data-widget_type=\"elementskit-social-media.default\">\n\t\t\t\t<div class=\"elementor-widget-container\">\n\t\t\t\t\t<div class=\"ekit-wid-con\" >\t\t\t <ul class=\"ekit_social_media\">\n\t\t\t\t\t\t\t\t\t\t\t\t\t\t<li class=\"elementor-repeater-item-e634fb2\">\n\t\t\t\t\t    <a\n\t\t\t\t\t\thref=\"https:\/\/www.facebook.com\/tecruminahui\/\" target=\"_blank\" aria-label=\"Facebook\" class=\"light\" >\n\t\t\t\t\t\t\t\n\t\t\t\t\t\t\t<i aria-hidden=\"true\" class=\"jki jki-facebook-light\"><\/i>\n                                                                                                            <\/a>\n                    <\/li>\n                    \t\t\t\t\t\t\t\t\t\t\t\t\t\t<li class=\"elementor-repeater-item-6a4d4e9\">\n\t\t\t\t\t    <a\n\t\t\t\t\t\thref=\"https:\/\/www.instagram.com\/tecruminahui\/\" target=\"_blank\" aria-label=\"Instagram\" class=\"1\" >\n\t\t\t\t\t\t\t\n\t\t\t\t\t\t\t<i aria-hidden=\"true\" class=\"icon icon-instagram-1\"><\/i>\n                                                                                                            <\/a>\n                    <\/li>\n                    \t\t\t\t\t\t\t\t\t\t\t\t\t\t<li class=\"elementor-repeater-item-ffb9e06\">\n\t\t\t\t\t    <a\n\t\t\t\t\t\thref=\"https:\/\/www.tiktok.com\/@tecruminahui\" target=\"_blank\" aria-label=\"TikTok\" class=\"tiktok\" >\n\t\t\t\t\t\t\t\n\t\t\t\t\t\t\t<svg aria-hidden=\"true\" class=\"e-font-icon-svg e-fab-tiktok\" viewBox=\"0 0 448 512\" xmlns=\"http:\/\/www.w3.org\/2000\/svg\"><path d=\"M448,209.91a210.06,210.06,0,0,1-122.77-39.25V349.38A162.55,162.55,0,1,1,185,188.31V278.2a74.62,74.62,0,1,0,52.23,71.18V0l88,0a121.18,121.18,0,0,0,1.86,22.17h0A122.18,122.18,0,0,0,381,102.39a121.43,121.43,0,0,0,67,20.14Z\"><\/path><\/svg>\n                                                                                                            <\/a>\n                    <\/li>\n                    \t\t\t\t\t\t\t\t\t\t\t\t\t\t<li class=\"elementor-repeater-item-015973c\">\n\t\t\t\t\t    <a\n\t\t\t\t\t\thref=\"https:\/\/twitter.com\/tecruminahui\" target=\"_blank\" aria-label=\"Twitter\" class=\"light\" >\n\t\t\t\t\t\t\t\n\t\t\t\t\t\t\t<i aria-hidden=\"true\" class=\"jki jki-twitter-light\"><\/i>\n                                                                                                            <\/a>\n                    <\/li>\n                    \t\t\t\t\t\t\t\t\t\t\t\t\t\t<li class=\"elementor-repeater-item-17cda8a\">\n\t\t\t\t\t    <a\n\t\t\t\t\t\thref=\"https:\/\/www.linkedin.com\/company\/82278233\/\" target=\"_blank\" aria-label=\"LInkedin\" class=\"linkedin\" >\n\t\t\t\t\t\t\t\n\t\t\t\t\t\t\t<i aria-hidden=\"true\" class=\"icon icon-linkedin\"><\/i>\n                                                                                                            <\/a>\n                    <\/li>\n                    \t\t\t\t\t\t\t\t\t\t\t\t\t\t<li class=\"elementor-repeater-item-213bfa6\">\n\t\t\t\t\t    <a\n\t\t\t\t\t\thref=\"https:\/\/www.youtube.com\/channel\/UCsqcySuhlMGfXGvh2fr37bA\" target=\"_blank\" aria-label=\"Youtube\" class=\"v\" >\n\t\t\t\t\t\t\t\n\t\t\t\t\t\t\t<i aria-hidden=\"true\" class=\"icon icon-youtube-v\"><\/i>\n                                                                                                            <\/a>\n                    <\/li>\n                    \t\t\t\t\t\t\t<\/ul>\n\t\t<\/div>\t\t\t\t<\/div>\n\t\t\t\t<\/div>\n\t\t\t\t<\/div>\n\t\t\t\t<\/div>\n\t\t\t\t<\/div>\n\t\t\t\t<\/div>\n\t\t\t\t<\/div>\n\t\t\t\t\t<\/div>\n\t\t\t\t<\/div>\n\t\t\t\t<\/div>\n\t\t","protected":false},"excerpt":{"rendered":"<p>Convenio entre el Universitario Rumi\u00f1ahui y el Seguro Social Campesino impulsa la formaci\u00f3n en comunidades rurales El Universitario Rumi\u00f1ahui, reconocido como el mejor instituto del Ecuador, ha firmado un importante convenio de cooperaci\u00f3n con el Seguro Social Campesino, con el prop\u00f3sito de fortalecer la profesionalizaci\u00f3n y capacitaci\u00f3n en las comunidades rurales del pa\u00eds. Gracias a [&hellip;]<\/p>\n","protected":false},"author":3,"featured_media":35993,"comment_status":"closed","ping_status":"open","sticky":false,"template":"","format":"standard","meta":{"om_disable_all_campaigns":false,"_monsterinsights_skip_tracking":false,"_monsterinsights_sitenote_active":false,"_monsterinsights_sitenote_note":"","_monsterinsights_sitenote_category":0,"footnotes":""},"categories":[41],"tags":[],"class_list":["post-35992","post","type-post","status-publish","format-standard","has-post-thumbnail","hentry","category-campus"],"aioseo_notices":[],"jetpack_featured_media_url":"https:\/\/ister.edu.ec\/wp-content\/uploads\/firma-convenio-universitario-ruminahui-seguro-social-campesino.webp","_links":{"self":[{"href":"https:\/\/ister.edu.ec\/en\/wp-json\/wp\/v2\/posts\/35992","targetHints":{"allow":["GET"]}}],"collection":[{"href":"https:\/\/ister.edu.ec\/en\/wp-json\/wp\/v2\/posts"}],"about":[{"href":"https:\/\/ister.edu.ec\/en\/wp-json\/wp\/v2\/types\/post"}],"author":[{"embeddable":true,"href":"https:\/\/ister.edu.ec\/en\/wp-json\/wp\/v2\/users\/3"}],"replies":[{"embeddable":true,"href":"https:\/\/ister.edu.ec\/en\/wp-json\/wp\/v2\/comments?post=35992"}],"version-history":[{"count":7,"href":"https:\/\/ister.edu.ec\/en\/wp-json\/wp\/v2\/posts\/35992\/revisions"}],"predecessor-version":[{"id":36013,"href":"https:\/\/ister.edu.ec\/en\/wp-json\/wp\/v2\/posts\/35992\/revisions\/36013"}],"wp:featuredmedia":[{"embeddable":true,"href":"https:\/\/ister.edu.ec\/en\/wp-json\/wp\/v2\/media\/35993"}],"wp:attachment":[{"href":"https:\/\/ister.edu.ec\/en\/wp-json\/wp\/v2\/media?parent=35992"}],"wp:term":[{"taxonomy":"category","embeddable":true,"href":"https:\/\/ister.edu.ec\/en\/wp-json\/wp\/v2\/categories?post=35992"},{"taxonomy":"post_tag","embeddable":true,"href":"https:\/\/ister.edu.ec\/en\/wp-json\/wp\/v2\/tags?post=35992"}],"curies":[{"name":"wp","href":"https:\/\/api.w.org\/{rel}","templated":true}]}}